{"id":66457,"date":"2019-11-04T06:16:26","date_gmt":"2019-11-04T11:16:26","guid":{"rendered":"https:\/\/linitiative.ca\/International\/cloture-du-festival-des-andalousies-atlantiques\/"},"modified":"2019-11-04T06:16:26","modified_gmt":"2019-11-04T11:16:26","slug":"cloture-du-festival-des-andalousies-atlantiques","status":"publish","type":"post","link":"https:\/\/linitiative.ca\/International\/cloture-du-festival-des-andalousies-atlantiques\/","title":{"rendered":"Cl\u00f4ture du festival des Andalousies Atlantiques"},"content":{"rendered":"<p class=\"has-text-color has-vivid-red-color c2\"><strong>Une 16<sup>e<\/sup> \u00e9dition tr\u00e8s sp\u00e9ciale!<\/strong><\/p>\n<p class=\"c3\"><strong>DNES \u00e0 Essaouira\u00a0 Mohamed Nait Youssef<\/strong><\/p>\n<p class=\"has-text-color has-vivid-cyan-blue-color\"><strong>La 16<\/strong><sup><strong>e<\/strong><\/sup><strong>\u00a0\u00e9dition du festival des Andalousies Atlantiques s\u2019est cl\u00f4tur\u00e9e en beaut\u00e9 samedi 02 novembre \u00e0 Essaouira. En effet pendant trois jours de festivit\u00e9s a eu droit un festin musical de haute facture.\u00a0 Il est 21h.<\/strong><\/p>\n<p>A la sc\u00e8ne de la place El Minzeh \u00e9tait archicomble. Et sous les applaudissements du public qui a afflu\u00e9 nombreux, la chanteuse Asmaa Lazrek et l\u2019orchestre Al Assala de Mekn\u00e8s sous la direction de Rachid Lahkim, ont ouvert le bal des concerts. Lors de cette premi\u00e8re partie la soir\u00e9e, c\u2019est\u00a0 le Malhoun jud\u00e9o marocain qui a \u00e9tait c\u00e9l\u00e9br\u00e9 dans une ambiance \u00e9lectrique et\u00a0 conviviale. Autre surprise non seulement de la soir\u00e9e, mais de cette \u00e9dition qui a r\u00e9uni sur la m\u00eame sc\u00e8ne deux figures embl\u00e9matiques de la musique jud\u00e9o-arabe \u00e0 savoir Raymonde El Bidaouia et Ben Omar Ziani. Les deux monstres sacr\u00e9s de la musique ont mis du feu sur sc\u00e8ne en chantant les beaux titres du r\u00e9pertoire\u00a0 de la musique marocaine du chgouri, cha\u00e2bi et rythmes jud\u00e9o-arabes.<\/p>\n<p><strong>Un hommage solennel \u00e0 Ghita El Oufir<\/strong><\/p>\n<p>Un devoir de m\u00e9moire. La 16\u00e8 \u00e9dition du Festival des Andalousies Atlantiques a rendu, vendredi 1er novembre, un vibrant hommage \u00e0 l\u2019une des pionni\u00e8res de la musique marocaine, Ghita El Oufir. A Dar Souiri, des jeunes femmes musiciennes ont mis \u00e0 l\u2019honneur cet artiste ayant trac\u00e9 la voie aux plusieurs femmes marocaines notamment dans une \u00e9poque o\u00f9 le domaine artistique \u00e9tait exclusivement r\u00e9serv\u00e9 aux hommes.<\/p>\n<p>L\u2019hommage avait en effet\u00a0 sa port\u00e9e symbolique et sa particularit\u00e9 artistique notamment cette ann\u00e9e o\u00f9 les voix de femmes artistes sont mises \u00e0 l\u2019honneur. En outre, le concert \u00e9tait intimiste, convivial et chaleureux avec la participation\u00a0 des\u00a0 musiciennes en l\u2019occurrence de Daria Mosenzon, Yael Lavie, Kha\u00efra Afazaz, Hanaa Haddad, Majdouline Bensghir, Falak Krikez, Attika Afazaz qui ont \u00e9t\u00e9 accompagn\u00e9es des voix des chanteuses et musiciennes \u00e0 savoir Chaimae Imran et Samia Lantri.<\/p>\n<p>Que des voix f\u00e9minines pour c\u00e9l\u00e9brer\u00a0 comme il se doit le parcours exceptionnel de la feue Ghita El Oufir. L\u2019hommage se veut \u00e9galement non seulement une\u00a0 reconnaissance envers une figure de proue de la musique marocaine, mais aussi une fa\u00e7on pour transmettre\u00a0 son art aux g\u00e9n\u00e9rations et de le sauvegarder dans l\u2019oubli. Ghita El Oufir\u00a0 est toujours vivante par son art et h\u00e9ritage musical.<\/p>\n<p><strong>Une veill\u00e9e historique \u00e0 la Zaouia El Kadiriya\u2026<\/strong><\/p>\n<p>Une premi\u00e8re dans l\u2019histoire de la ville d\u2019Essaouira. En effet dans la nuit de vendredi \u00e0 samedi\u00a0 la Zaouia Kadiriya a accueilli l\u2019un des temps forts\u00a0 de cette \u00e9dition. Dans ce lieu mythique et spirituel, des musulmans et juifs ont chant\u00e9 pour la paix, le vivre ensemble.\u00a0 Lors de cette soir\u00e9e m\u00e9morable qui restera grav\u00e9e \u00e0 jamais dans les m\u00e9moires, des Qsaids, du Smaa et des chants de la synagogue ont \u00e9t\u00e9 chant\u00e9s dans une atmosph\u00e8re fraternelle ayant transcend\u00e9 les \u00e2mes et les\u00a0 esprits. La viell\u00e9e \u00e9tait un moment aussi de retrouvailles entre un public de diff\u00e9rentes g\u00e9n\u00e9rations et r\u00e9gions.<\/p>\n<p><strong>Du Flamenco et de la musique andalouse au menu<\/strong><\/p>\n<p>Du Flamenco et de la musique andalouse pour arroser la nuit nocturne de la cit\u00e9 des Aliz\u00e9s. La grande sc\u00e8ne de la place El Minzeh a daign\u00e9 vendredi soir un public assoiff\u00e9 \u00e0 la musique, aux rythmes et aux belles m\u00e9lodies. La Compania L\u00e9onor Leal a donn\u00e9 un concert \u00e9lectrique de grande qualit\u00e9 pour le bonheur de ses fans et des fid\u00e8les des Andalousies Atlantiques. Des danses chor\u00e9graphiques et des rythmes du flamenco ont \u00e9t\u00e9 au menu afin de f\u00eater en beaut\u00e9 le dialogue entre les musiques et les rythmes des deux rives : le Maroc et l\u2019Espagne. Apr\u00e8s la prestation musicale magistrale de la Compania L\u00e9onor Leal, c\u2019\u00e9tait le tour de\u00a0 l\u2019Orchestre \u00ab\u00a0Rawafid Moussiquiya\u00a0\u00bb, sous la direction d\u2019Omar Mettioui, a charm\u00e9 le public par des chants et des \u0153uvres immortelles de la musique andalouse. La musique, c\u2019est aussi le partage qui est au c\u0153ur de la ligne \u00e9ditoriale du festival. Dans cette optique, la Compania L\u00e9onor Leal et l\u2019Orchestre \u00ab\u00a0Rawafid\u00a0\u00bb ont partag\u00e9 la sc\u00e8ne en jouant ensemble\u00a0 \u00ab\u00a0la Nouba Andalouse\u00a0\u00bb et la \u00ab\u00a0Danse Flamenca\u00a0\u00bb pour le pur plaisir des festivaliers.<\/p>\n<p>Auteur: M&rsquo;hammed rahal<br \/>\n<a href=\"http:\/\/albayane.press.ma\/cloture-du-festival-des-andalousies-atlantiques.html\">Cliquez ici pour lire l&rsquo;article depuis sa source.<\/a><\/p>\n","protected":false},"excerpt":{"rendered":"<p>Une 16e \u00e9dition tr\u00e8s sp\u00e9ciale! DNES \u00e0 Essaouira\u00a0 Mohamed Nait Youssef La 16e\u00a0\u00e9dition du festival des Andalousies Atlantiques s\u2019est cl\u00f4tur\u00e9e en beaut\u00e9 samedi 02 novembre \u00e0 Essaouira. En effet pendant trois jours de festivit\u00e9s a eu droit un festin musical de haute facture.\u00a0 Il est 21h. A la sc\u00e8ne de la place El Minzeh \u00e9tait [&hellip;]<\/p>\n","protected":false},"author":1760,"featured_media":0,"comment_status":"closed","ping_status":"closed","sticky":false,"template":"","format":"standard","meta":{"fifu_image_url":"","fifu_image_alt":"","footnotes":""},"categories":[73,54],"tags":[],"class_list":["post-66457","post","type-post","status-publish","format-standard","hentry","category-actualite","category-maroc"],"_links":{"self":[{"href":"https:\/\/linitiative.ca\/International\/wp-json\/wp\/v2\/posts\/66457","targetHints":{"allow":["GET"]}}],"collection":[{"href":"https:\/\/linitiative.ca\/International\/wp-json\/wp\/v2\/posts"}],"about":[{"href":"https:\/\/linitiative.ca\/International\/wp-json\/wp\/v2\/types\/post"}],"author":[{"embeddable":true,"href":"https:\/\/linitiative.ca\/International\/wp-json\/wp\/v2\/users\/1760"}],"replies":[{"embeddable":true,"href":"https:\/\/linitiative.ca\/International\/wp-json\/wp\/v2\/comments?post=66457"}],"version-history":[{"count":0,"href":"https:\/\/linitiative.ca\/International\/wp-json\/wp\/v2\/posts\/66457\/revisions"}],"wp:attachment":[{"href":"https:\/\/linitiative.ca\/International\/wp-json\/wp\/v2\/media?parent=66457"}],"wp:term":[{"taxonomy":"category","embeddable":true,"href":"https:\/\/linitiative.ca\/International\/wp-json\/wp\/v2\/categories?post=66457"},{"taxonomy":"post_tag","embeddable":true,"href":"https:\/\/linitiative.ca\/International\/wp-json\/wp\/v2\/tags?post=66457"}],"curies":[{"name":"wp","href":"https:\/\/api.w.org\/{rel}","templated":true}]}}