{"id":66458,"date":"2019-11-04T06:23:20","date_gmt":"2019-11-04T11:23:20","guid":{"rendered":"https:\/\/linitiative.ca\/International\/presidentielles-en-bolivie\/"},"modified":"2019-11-04T06:23:20","modified_gmt":"2019-11-04T11:23:20","slug":"presidentielles-en-bolivie","status":"publish","type":"post","link":"https:\/\/linitiative.ca\/International\/presidentielles-en-bolivie\/","title":{"rendered":"Pr\u00e9sidentielles en Bolivie"},"content":{"rendered":"<p class=\"has-text-color has-vivid-red-color c2\"><strong>L\u2019opposition r\u00e9clame le d\u00e9part d\u2019Evo Morales<\/strong><\/p>\n<p class=\"has-text-color has-vivid-cyan-blue-color c3\"><em>A l\u2019issue du premier tour des \u00e9lections qui se sont d\u00e9roul\u00e9es en Bolivie le 20 Octobre dernier et alors que les heurts entre les partisans du pr\u00e9sident sortant et ceux de l\u2019opposition se sont sold\u00e9s par la mort de deux personnes, Evo Morales, qui pr\u00e9side aux destin\u00e9es du pays depuis 14 ann\u00e9es, a \u00e9t\u00e9 reconduit \u00e0 la t\u00eate de l\u2019Etat en recueillant 47,08% des suffrages exprim\u00e9s. Mais, en contestant le processus \u00e9lectoral et en d\u00e9non\u00e7ant une \u00abfraude scandaleuse\u00bb, l\u2019opposition est descendue dans la rue si bien que face \u00e0 la grogne populaire, le gouvernement sortant a accept\u00e9, ce mercredi 30 Octobre, que l\u2019Organisation des Etats am\u00e9ricains (OAS) diligente une enqu\u00eate internationale ind\u00e9pendante.<\/em><\/p>\n<p>Diego Pary, le ministre bolivien des Affaires \u00e9trang\u00e8res a assur\u00e9 que, bien qu\u2019\u00e9tant convaincu de la victoire du Mouvement vers le socialisme (MAS, le parti au pouvoir), le gouvernement bolivien se pliera aux r\u00e9sultats de cette enqu\u00eate qui sera effectu\u00e9e par trente experts internationaux et qui d\u00e9bouchera sur l\u2019\u00e9laboration d\u2019un rapport \u00ab contraignant \u00bb pour toutes les parties.<\/p>\n<p>Or, le centriste Carlos Mesa, la principale voix de l\u2019opposition qui \u00e9tait \u00e0 la t\u00eate du pays de 2003 \u00e0 2005 et qui est arriv\u00e9 second en recueillant 37,51% des voix a mis en doute l\u2019int\u00e9grit\u00e9 du processus, rejet\u00e9 un \u00abaccord conclu unilat\u00e9ralement\u00bb\u00a0 en l\u2019absence des \u00abrepr\u00e9sentants de la soci\u00e9t\u00e9 civile\u00bb et des partis politiques et r\u00e9clam\u00e9 la tenue de nouvelles \u00e9lections auxquelles ne participerait pas Evo Morales.<\/p>\n<p>En r\u00e9ponse, le ministre bolivien des Affaires \u00e9trang\u00e8res a invit\u00e9 l\u2019opposition \u00e0 apporter \u00e0 la commission de l\u2019Organisation des Etats Am\u00e9ricains les preuves de ses accusations de fraude du moment que, par l\u2019entremise de ses d\u00e9l\u00e9gu\u00e9s dans les diff\u00e9rents bureaux de vote, elle peut avoir les copies de tous les bulletins d\u00e9pouill\u00e9s.<\/p>\n<p>Cependant, d\u00e8s vendredi, soit une journ\u00e9e \u00e0 peine apr\u00e8s que cette commission ait commenc\u00e9 \u00e0 faire son travail et \u00abpour ne pas compromettre l\u2019impartialit\u00e9\u00bb du processus, son chef, Arturo Espinosa, un avocat et universitaire mexicain, a annonc\u00e9 sa d\u00e9mission au motif que la semaine pr\u00e9c\u00e9dente, il avait, dans un article critique \u00e0 l\u2019endroit d\u2019Evo Morales, reproch\u00e9 \u00e0 ce dernier de s\u2019accrocher au pouvoir.<\/p>\n<p>La Bolivie se trouve donc paralys\u00e9e par des manifestations depuis la proclamation des r\u00e9sultats le 20 Octobre dernier. Ainsi, \u00e0 Santa-Cruz, la locomotive \u00e9conomique du pays qui compte 1,5 millions d\u2019habitants, aucun v\u00e9hicule ne peut circuler car, \u00e0 chaque carrefour, des barricades faites \u00e0 l\u2019aide de pneus, de chaines et de fil barbel\u00e9 bloquent tout trafic routier. Il en va de m\u00eame dans la plupart des villes de Bolivie lesquelles sont devenues le th\u00e9\u00e2tre d\u2019affrontements entre les partisans du pr\u00e9sident sortant et l\u2019opposition.<\/p>\n<p>Ces \u00abgraves actes de violence en divers endroits du pays\u00bb ont pouss\u00e9 l\u2019ONU \u00e0 lancer, mardi dernier, \u00abun appel clair et urgent aux acteurs politiques, aux groupes sociaux et \u00e0 tous les Boliviens afin qu\u2019ils r\u00e9duisent les tensions et qu\u2019ils rejettent tout acte de violence dans ce moment difficile que traverse le pays\u00bb.<\/p>\n<p>Appelant les citoyens \u00e0 \u00abexercer leur droit de manifester sans qu\u2019il devienne une invitation \u00e0 la confrontation\u00bb, l\u2019Organisation internationale exhorte les autorit\u00e9s comp\u00e9tentes \u00e0 garantir \u00able respect des droits fondamentaux des personnes comme la libert\u00e9 d\u2019expression, d\u2019opinion et le droit de manifester pacifiquement\u00bb.<\/p>\n<p>Les exigences onusiennes vont-elles \u00eatre entendues par les diff\u00e9rents protagonistes et suivies d\u2019effet de mani\u00e8re \u00e0 ce que les manifestations ne puissent pas d\u00e9g\u00e9n\u00e9rer en de tr\u00e8s violents affrontements entre les partisans du Chef de l\u2019Etat et l\u2019opposition ? Attendons pour voir\u2026<\/p>\n<p>Nabil El Bousaadi<\/p>\n<p>Auteur: M&rsquo;hammed rahal<br \/>\n<a href=\"http:\/\/albayane.press.ma\/presidentielles-en-bolivie.html\">Cliquez ici pour lire l&rsquo;article depuis sa source.<\/a><\/p>\n","protected":false},"excerpt":{"rendered":"<p>L\u2019opposition r\u00e9clame le d\u00e9part d\u2019Evo Morales A l\u2019issue du premier tour des \u00e9lections qui se sont d\u00e9roul\u00e9es en Bolivie le 20 Octobre dernier et alors que les heurts entre les partisans du pr\u00e9sident sortant et ceux de l\u2019opposition se sont sold\u00e9s par la mort de deux personnes, Evo Morales, qui pr\u00e9side aux destin\u00e9es du pays [&hellip;]<\/p>\n","protected":false},"author":1760,"featured_media":0,"comment_status":"closed","ping_status":"closed","sticky":false,"template":"","format":"standard","meta":{"fifu_image_url":"","fifu_image_alt":"","footnotes":""},"categories":[73,54],"tags":[],"class_list":["post-66458","post","type-post","status-publish","format-standard","hentry","category-actualite","category-maroc"],"_links":{"self":[{"href":"https:\/\/linitiative.ca\/International\/wp-json\/wp\/v2\/posts\/66458","targetHints":{"allow":["GET"]}}],"collection":[{"href":"https:\/\/linitiative.ca\/International\/wp-json\/wp\/v2\/posts"}],"about":[{"href":"https:\/\/linitiative.ca\/International\/wp-json\/wp\/v2\/types\/post"}],"author":[{"embeddable":true,"href":"https:\/\/linitiative.ca\/International\/wp-json\/wp\/v2\/users\/1760"}],"replies":[{"embeddable":true,"href":"https:\/\/linitiative.ca\/International\/wp-json\/wp\/v2\/comments?post=66458"}],"version-history":[{"count":0,"href":"https:\/\/linitiative.ca\/International\/wp-json\/wp\/v2\/posts\/66458\/revisions"}],"wp:attachment":[{"href":"https:\/\/linitiative.ca\/International\/wp-json\/wp\/v2\/media?parent=66458"}],"wp:term":[{"taxonomy":"category","embeddable":true,"href":"https:\/\/linitiative.ca\/International\/wp-json\/wp\/v2\/categories?post=66458"},{"taxonomy":"post_tag","embeddable":true,"href":"https:\/\/linitiative.ca\/International\/wp-json\/wp\/v2\/tags?post=66458"}],"curies":[{"name":"wp","href":"https:\/\/api.w.org\/{rel}","templated":true}]}}