{"id":66459,"date":"2019-11-04T06:28:52","date_gmt":"2019-11-04T11:28:52","guid":{"rendered":"https:\/\/linitiative.ca\/International\/promesses-et-incertitudes\/"},"modified":"2019-11-04T06:28:52","modified_gmt":"2019-11-04T11:28:52","slug":"promesses-et-incertitudes","status":"publish","type":"post","link":"https:\/\/linitiative.ca\/International\/promesses-et-incertitudes\/","title":{"rendered":"Promesses et incertitudes"},"content":{"rendered":"<p class=\"has-text-color has-vivid-cyan-blue-color\"><strong>Pari r\u00e9ussi pour la 30<\/strong><sup><strong>\u00e8me<\/strong><\/sup><strong>\u00e9dition des journ\u00e9es cin\u00e9matographiques de Carthage\u00a0: programmation riche et vari\u00e9e, public nombreux et enthousiaste\u2026il n\u2019y a pas plus bel hommage \u00e0 feu N\u00e9jib Ayed que de maintenir la barre assez haute tout en restant fid\u00e8le \u00e0 ce qu\u2019il avait d\u00e9fendu corps et \u00e2me, ce qu\u2019il appelait \u00ables fondamentaux des JCC\u00bb. M\u00eame si le contexte, les nouveaux enjeux du cin\u00e9ma et de son environnement culturel, \u00e9conomique\u2026 rendent la t\u00e2che plus complexe.<\/strong><\/p>\n<p>Les JCC sont n\u00e9es sous le signe de l\u2019engagement culturel atour de l\u2019Africanit\u00e9, embl\u00e8me d\u2019un moi retrouv\u00e9\u00a0; il s\u2019agissait de donn\u00e9es \u00e0 des cin\u00e9matographies de la p\u00e9riph\u00e9rie (Samir Amin) une certaine visibilit\u00e9, d\u2019abord endog\u00e8ne\u00a0; permettre \u00e0 des cin\u00e9astes\u00a0 de cette r\u00e9gion du monde (Afrique+ monde arabe) de se rencontrer de d\u00e9couvrir mutuellement leurs films; la distribution \u00e9tant l\u2019arme absolue de la domination imp\u00e9rialiste en la mati\u00e8re (Tahar Charia\u00a0: celui qui tient la distribution, tient le cin\u00e9ma\u00a0!). Il s\u2019agissait \u00e9galement pour les JCC, (le Fespaco apr\u00e8s, Khouribga ensuite\u2026) d\u2019offrir une vitrine internationale pour un jeune cin\u00e9ma dit du tiers-monde et qui n\u2019avait pas acc\u00e8s (\u00e0 l\u2019\u00e9poque) aux grands rendez-vous cin\u00e9matographiques.<\/p>\n<p>Force est de constater que ce programme initial n\u2019est plus de mise, bouscul\u00e9 par les mutations que conna\u00eet le march\u00e9 du cin\u00e9ma. Les id\u00e9aux de d\u00e9part ont connu une m\u00e9tamorphose, ont chang\u00e9 de nature, accul\u00e9s \u00e0 s\u2019adapter aux nouvelles r\u00e9alit\u00e9s qui marquent et la production et la circulation des films. L\u2019essentiel du cin\u00e9ma africain n\u2019existe plus que par des apports financiers \u00e9trangers \u00e0 l\u2019Afrique ou par des formules diverses de coproduction. Une coproduction qui n\u2019en est pas vraiment une car pour co-produire il faut \u00eatre deux. Les cin\u00e9astes africains courent les diff\u00e9rents\u00a0 \u00abguichets\u00bb, \u00abplate-formes\u00bb, \u00abfonds\u00bb\u2026souvent d\u00e9nud\u00e9s \u00e0 la merci des \u00ablabos de d\u00e9veloppement\u00bb qui finissent par cr\u00e9er un paradigme dominant et qui fait que tous les films se ressemblent, leur imposant un circuit, un devenir et une carri\u00e8re. Cela a un impact sur l\u2019identit\u00e9 m\u00eame des festivals.<\/p>\n<p>C\u2019est ainsi que des festivals se voient oblig\u00e9s de changer leur rythme d\u2019organisation (Khouribga aura lieu tous les deux ans) ou leur mode de fonctionnement. Les JCC ou le Fespaco \u00e9toffent leur programmation en multipliant le nombre de sections, de comp\u00e9titions et de prix..Et surtout, d\u00e9sormais ils font leur prospective en courant les festivals internationaux. Un festival africain fait d\u00e9sormais son march\u00e9 \u00e0 Cannes.<\/p>\n<p>La comp\u00e9tition officielle des JCC, long m\u00e9trage fiction, de cette ann\u00e9e comporte quatre films programm\u00e9s \u00e0 Cannes. Le palmar\u00e8s refl\u00e8te bien cette tendance lourde\u00a0: le Tanit d\u2019argent, Atlantique de Mati Diop (Franco-s\u00e9nagalise) a d\u00e9j\u00e0 obtenu un prix \u00e0 Cannes (prix du jury) et vient d\u2019\u00eatre achet\u00e9 par Netflix\u00a0; le prix du sc\u00e9nario est all\u00e9 au film Tu mourras \u00e0 vingt ans (You will die at twenty) a d\u00e9j\u00e0 obtenu le lion d\u2019avenir \u00e0 Venise; il sign\u00e9 par Amjad Abou Alala un cin\u00e9aste d\u2019origine soudanaise qui vit aux Emirats qui a tr\u00e8s bien explicit\u00e9\u00a0 les nouveaux enjeux en affirmant lors de la r\u00e9ception de son prix \u00abqu\u2019il avait co-\u00e9crit le script avec un sc\u00e9nariste \u00e9mirati car un film n\u2019a pas de patrie, le cin\u00e9ma est universel\u00bb.<\/p>\n<p>Une belle g\u00e9n\u00e9rosit\u00e9 qui cache mal cependant le formatage esth\u00e9tique impos\u00e9 aux films. Un cin\u00e9ma de tendance n\u00e9o-orientaliste est en train de s\u2019installer privil\u00e9giant des th\u00e9matiques pris\u00e9es par les modes intellectuelles en occident\u00a0: les m\u00e8res c\u00e9libataires, les enfants de la rue\u2026 Alain Gomis, cin\u00e9aste franco-s\u00e9n\u00e9galais, pr\u00e9sident du jury principal de cette \u00e9dition des JCC, n\u2019a pas manqu\u00e9 de le souligner\u00a0:\u00a0\u00abLe probl\u00e8me est de lutter contre le poids de certains labos de d\u00e9veloppement des \u00e9critures qui font que les films finissent par tous se ressembler.<\/p>\n<p>Un march\u00e9 s\u2019est d\u00e9velopp\u00e9 qui accueille ce genre de produit. Il faut pouvoir garder au Fespaco et aux JCC une sp\u00e9cificit\u00e9 de regard qui fasse qu\u2019on s\u00e9lectionne des films diff\u00e9rents et non cette caravane qui transite chaque ann\u00e9e \u00e0 travers le monde et qui serait cens\u00e9e en \u00eatre la vitrine\u00bb.<\/p>\n<p>Auteur: M&rsquo;hammed rahal<br \/>\n<a href=\"http:\/\/albayane.press.ma\/promesses-et-incertitudes.html\">Cliquez ici pour lire l&rsquo;article depuis sa source.<\/a><\/p>\n","protected":false},"excerpt":{"rendered":"<p>Pari r\u00e9ussi pour la 30\u00e8me\u00e9dition des journ\u00e9es cin\u00e9matographiques de Carthage\u00a0: programmation riche et vari\u00e9e, public nombreux et enthousiaste\u2026il n\u2019y a pas plus bel hommage \u00e0 feu N\u00e9jib Ayed que de maintenir la barre assez haute tout en restant fid\u00e8le \u00e0 ce qu\u2019il avait d\u00e9fendu corps et \u00e2me, ce qu\u2019il appelait \u00ables fondamentaux des JCC\u00bb. M\u00eame [&hellip;]<\/p>\n","protected":false},"author":1760,"featured_media":0,"comment_status":"closed","ping_status":"closed","sticky":false,"template":"","format":"standard","meta":{"fifu_image_url":"","fifu_image_alt":"","footnotes":""},"categories":[73,54],"tags":[],"class_list":["post-66459","post","type-post","status-publish","format-standard","hentry","category-actualite","category-maroc"],"_links":{"self":[{"href":"https:\/\/linitiative.ca\/International\/wp-json\/wp\/v2\/posts\/66459","targetHints":{"allow":["GET"]}}],"collection":[{"href":"https:\/\/linitiative.ca\/International\/wp-json\/wp\/v2\/posts"}],"about":[{"href":"https:\/\/linitiative.ca\/International\/wp-json\/wp\/v2\/types\/post"}],"author":[{"embeddable":true,"href":"https:\/\/linitiative.ca\/International\/wp-json\/wp\/v2\/users\/1760"}],"replies":[{"embeddable":true,"href":"https:\/\/linitiative.ca\/International\/wp-json\/wp\/v2\/comments?post=66459"}],"version-history":[{"count":0,"href":"https:\/\/linitiative.ca\/International\/wp-json\/wp\/v2\/posts\/66459\/revisions"}],"wp:attachment":[{"href":"https:\/\/linitiative.ca\/International\/wp-json\/wp\/v2\/media?parent=66459"}],"wp:term":[{"taxonomy":"category","embeddable":true,"href":"https:\/\/linitiative.ca\/International\/wp-json\/wp\/v2\/categories?post=66459"},{"taxonomy":"post_tag","embeddable":true,"href":"https:\/\/linitiative.ca\/International\/wp-json\/wp\/v2\/tags?post=66459"}],"curies":[{"name":"wp","href":"https:\/\/api.w.org\/{rel}","templated":true}]}}