{"id":66460,"date":"2019-11-04T07:10:04","date_gmt":"2019-11-04T12:10:04","guid":{"rendered":"https:\/\/linitiative.ca\/International\/enseignement-secondaire-menace-dune-reprise-des-protestations\/"},"modified":"2019-11-04T07:10:04","modified_gmt":"2019-11-04T12:10:04","slug":"enseignement-secondaire-menace-dune-reprise-des-protestations","status":"publish","type":"post","link":"https:\/\/linitiative.ca\/International\/enseignement-secondaire-menace-dune-reprise-des-protestations\/","title":{"rendered":"Enseignement secondaire : Menace d\u2019une reprise des protestations"},"content":{"rendered":"<p>La F\u00e9d\u00e9ration G\u00e9n\u00e9rale de l\u2019Enseignement secondaire envisage d\u2019observer des mouvements de protestation si les primes des enseignants ne seront pas d\u00e9caiss\u00e9es apr\u00e8s l\u2019adoption du budget compl\u00e9mentaire pour l\u2019exercice 2019, a d\u00e9clar\u00e9 Lassaad Yakoubi, secr\u00e9taire g\u00e9n\u00e9ral de la F\u00e9d\u00e9ration.<\/p>\n<p>Dans une d\u00e9claration en marge du congr\u00e8s de l\u2019UGTT (Union G\u00e9n\u00e9rale Tunisienne du Travail) tenu, dimanche, \u00e0 Hammamet, Yakoubi a indiqu\u00e9 que la f\u00e9d\u00e9ration va d\u00e9cider des formes de protestation envisag\u00e9e, estimant que le syndicat avait d\u00e9j\u00e0 fait preuve de flexibilit\u00e9 en raison de la situation politique que traverse le pays.<\/p>\n<p>Revenant, \u00e0 cette occasion, sur le sujet de la consommation de drogue dans les milieux scolaires, le responsable syndical a qualifi\u00e9 d\u2019impr\u00e9cis \u00bb, les chiffres r\u00e9v\u00e9l\u00e9s r\u00e9cemment par une \u00e9tude du minist\u00e8re de l\u2019Education. Le taux de consommation de drogue par les \u00e9l\u00e8ves d\u00e9passe 30%, selon des donn\u00e9es expos\u00e9s, il y\u2019 a 6 ans, par le minist\u00e8re de la Sant\u00e9, a-t-il dit.<\/p>\n<p>D\u2019apr\u00e8s lui, le choix du temps de publication de l\u2019\u00e9tude par le minist\u00e8re de l\u2019Education n\u2019est pas dict\u00e9 par le besoin de diagnostiquer un fl\u00e9au dangereux dans l\u2019objectif d\u2019en trouver des solutions, \u00ab il intervient plut\u00f4t dans le contexte du changement pr\u00e9vu du gouvernement et pour des raisons politiques \u00bb.<\/p>\n<p>Le minist\u00e8re de l\u2019Education, rappelle-t-on, a men\u00e9 une \u00e9tude en avril 2019, dont les r\u00e9sultats ont r\u00e9v\u00e9l\u00e9 que le taux de consommation de drogue dans le milieu scolaire, s\u2019\u00e9l\u00e8ve \u00e0 9,2% et que 1,7% du nombre total des consommateurs ont atteint le stade de d\u00e9pendance.<\/p>\n<p class=\"dpsp-share-text\">Partager c&rsquo;est aimer!<\/p>\n<div class=\"wp-post-author-wrap wp-post-author-shortcode left\">\n<h3 class=\"awpa-title\"\/>\n<div class=\"wp-post-author\">\n<div class=\"awpa-img awpa-author-block square\"><a href=\"http:\/\/lexpertjournal.net\/fr\/author\/expert\/\"><img loading=\"lazy\" decoding=\"async\" alt=\"\" src=\"http:\/\/2.gravatar.com\/avatar\/56d99be2a6f97af88ccb49fada637fcd?s=150&#038;d=mm&#038;r=g\" srcset=\"http:\/\/2.gravatar.com\/avatar\/56d99be2a6f97af88ccb49fada637fcd?s=300&#038;d=mm&#038;r=g 2x\" class=\"avatar avatar-150 photo\" height=\"150\" width=\"150\"\/><\/a><\/div>\n<\/div>\n<\/div>\n<p>Auteur: L&rsquo;expert<br \/>\n<a href=\"http:\/\/lexpertjournal.net\/fr\/2019\/11\/04\/enseignement-secondaire-menace-dune-reprise-des-protestations\/\">Cliquez ici pour lire l&rsquo;article depuis sa source.<\/a><\/p>\n","protected":false},"excerpt":{"rendered":"<p>La F\u00e9d\u00e9ration G\u00e9n\u00e9rale de l\u2019Enseignement secondaire envisage d\u2019observer des mouvements de protestation si les primes des enseignants ne seront pas d\u00e9caiss\u00e9es apr\u00e8s l\u2019adoption du budget compl\u00e9mentaire pour l\u2019exercice 2019, a d\u00e9clar\u00e9 Lassaad Yakoubi, secr\u00e9taire g\u00e9n\u00e9ral de la F\u00e9d\u00e9ration. Dans une d\u00e9claration en marge du congr\u00e8s de l\u2019UGTT (Union G\u00e9n\u00e9rale Tunisienne du Travail) tenu, dimanche, \u00e0 [&hellip;]<\/p>\n","protected":false},"author":1775,"featured_media":0,"comment_status":"closed","ping_status":"closed","sticky":false,"template":"","format":"standard","meta":{"fifu_image_url":"","fifu_image_alt":"","footnotes":""},"categories":[78,55],"tags":[],"class_list":["post-66460","post","type-post","status-publish","format-standard","hentry","category-economie","category-tunisie"],"_links":{"self":[{"href":"https:\/\/linitiative.ca\/International\/wp-json\/wp\/v2\/posts\/66460","targetHints":{"allow":["GET"]}}],"collection":[{"href":"https:\/\/linitiative.ca\/International\/wp-json\/wp\/v2\/posts"}],"about":[{"href":"https:\/\/linitiative.ca\/International\/wp-json\/wp\/v2\/types\/post"}],"author":[{"embeddable":true,"href":"https:\/\/linitiative.ca\/International\/wp-json\/wp\/v2\/users\/1775"}],"replies":[{"embeddable":true,"href":"https:\/\/linitiative.ca\/International\/wp-json\/wp\/v2\/comments?post=66460"}],"version-history":[{"count":0,"href":"https:\/\/linitiative.ca\/International\/wp-json\/wp\/v2\/posts\/66460\/revisions"}],"wp:attachment":[{"href":"https:\/\/linitiative.ca\/International\/wp-json\/wp\/v2\/media?parent=66460"}],"wp:term":[{"taxonomy":"category","embeddable":true,"href":"https:\/\/linitiative.ca\/International\/wp-json\/wp\/v2\/categories?post=66460"},{"taxonomy":"post_tag","embeddable":true,"href":"https:\/\/linitiative.ca\/International\/wp-json\/wp\/v2\/tags?post=66460"}],"curies":[{"name":"wp","href":"https:\/\/api.w.org\/{rel}","templated":true}]}}