{"id":66461,"date":"2019-11-04T07:14:37","date_gmt":"2019-11-04T12:14:37","guid":{"rendered":"https:\/\/linitiative.ca\/International\/dattes-et-palmiers-2e-edition-du-forum-international-les-21-et-22-novembre-a-tozeur\/"},"modified":"2019-11-04T07:14:37","modified_gmt":"2019-11-04T12:14:37","slug":"dattes-et-palmiers-2e-edition-du-forum-international-les-21-et-22-novembre-a-tozeur","status":"publish","type":"post","link":"https:\/\/linitiative.ca\/International\/dattes-et-palmiers-2e-edition-du-forum-international-les-21-et-22-novembre-a-tozeur\/","title":{"rendered":"Dattes et palmiers : 2e \u00e9dition du forum international les 21 et 22 novembre \u00e0 Tozeur"},"content":{"rendered":"<p>La deuxi\u00e8me \u00e9dition du forum international des dattes et des palmiers se tiendra les 21 et 22 novembre \u00e0 Tozeur, sur le th\u00e8me \u00ab Vers le d\u00e9veloppement d\u2019une cha\u00eene de valeur durable \u00bb.<\/p>\n<p>Ce forum vise \u00e0 offrir un espace privil\u00e9gi\u00e9 pour mettre en exergue l\u2019agriculture phoenicicole, ses enjeux et ses d\u00e9fis et r\u00e9pondre \u00e0 la n\u00e9cessit\u00e9 de d\u00e9velopper et promouvoir toutes les chaines de valeur des d\u00e9riv\u00e9s des dattes et palmiers.<\/p>\n<p>Autre objectif assign\u00e9 \u00e0 cette manifestation, instaurer un espace de rencontres et d\u2019\u00e9changes entre les diff\u00e9rents op\u00e9rateurs afin de s\u2019informer, partager et appr\u00e9cier les progr\u00e8s techniques et technologiques en mati\u00e8re de production et de valorisation des dattes.<\/p>\n<p>Il s\u2019agit aussi de promouvoir l\u2019agriculture oasienne \u00e0 travers l\u2019exposition de produits agricoles et le partenariat entre les diff\u00e9rents acteurs concern\u00e9s et de cr\u00e9er autour de la manifestation une dynamique \u00e9conomique au profit de la r\u00e9gion.<\/p>\n<p>Ce forum s\u2019adresse aux professionnels de la fili\u00e8re dattes et palmiers, aux d\u00e9cideurs publics priv\u00e9s des autres secteurs de l\u2019\u00e9conomie (agriculture, industrie, services) et aux startups actives dans les cha\u00eenes de valeur Dattes, d\u00e9riv\u00e9s de dattes et d\u00e9riv\u00e9s de palmiers. Il cible aussi les acheteurs nationaux et internationaux, les industriels et les producteurs des dattes.<\/p>\n<p>Cette rencontre est co-organis\u00e9e par le P\u00f4le Dj\u00e9rid et la CONECT en collaboration avec la Coop\u00e9ration Allemande au D\u00e9veloppement (GIZ).<\/p>\n<p>Avec plus de 5 millions de palmiers et plus de 200 vari\u00e9t\u00e9s, la Tunisie occupe une place importante parmi les pays producteurs et exportateurs de dattes dans le monde. Elle se classe, en outre, en tant que premier exportateur en termes de valeur, gr\u00e2ce \u00e0 la vari\u00e9t\u00e9 Deglet Nour.<\/p>\n<p>En termes de recettes d\u2019exportation, les dattes sont le deuxi\u00e8me produit agricole export\u00e9 par le pays avec un chiffre de 598 millions de dinars, en 2018.<\/p>\n<p>Selon les pr\u00e9visions du minist\u00e8re de l\u2019Agriculture, la r\u00e9colte de dattes battrait, cette ann\u00e9e, tous les anciens records, avec une production de tr\u00e8s bonne qualit\u00e9, estim\u00e9e \u00e0 340 mille tonnes, contre 289 mille tonnes en 2018 et 305 mille tonnes en 2017 (le dernier record).<\/p>\n<p class=\"dpsp-share-text\">Partager c&rsquo;est aimer!<\/p>\n<div class=\"wp-post-author-wrap wp-post-author-shortcode left\">\n<h3 class=\"awpa-title\"\/>\n<div class=\"wp-post-author\">\n<div class=\"awpa-img awpa-author-block square\"><a href=\"http:\/\/lexpertjournal.net\/fr\/author\/expert\/\"><img loading=\"lazy\" decoding=\"async\" alt=\"\" src=\"http:\/\/2.gravatar.com\/avatar\/56d99be2a6f97af88ccb49fada637fcd?s=150&#038;d=mm&#038;r=g\" srcset=\"http:\/\/2.gravatar.com\/avatar\/56d99be2a6f97af88ccb49fada637fcd?s=300&#038;d=mm&#038;r=g 2x\" class=\"avatar avatar-150 photo\" height=\"150\" width=\"150\"\/><\/a><\/div>\n<\/div>\n<\/div>\n<p>Auteur: L&rsquo;expert<br \/>\n<a href=\"http:\/\/lexpertjournal.net\/fr\/2019\/11\/04\/dattes-et-palmiers-2e-edition-du-forum-international-les-21-et-22-novembre-a-tozeur\/\">Cliquez ici pour lire l&rsquo;article depuis sa source.<\/a><\/p>\n","protected":false},"excerpt":{"rendered":"<p>La deuxi\u00e8me \u00e9dition du forum international des dattes et des palmiers se tiendra les 21 et 22 novembre \u00e0 Tozeur, sur le th\u00e8me \u00ab Vers le d\u00e9veloppement d\u2019une cha\u00eene de valeur durable \u00bb. Ce forum vise \u00e0 offrir un espace privil\u00e9gi\u00e9 pour mettre en exergue l\u2019agriculture phoenicicole, ses enjeux et ses d\u00e9fis et r\u00e9pondre \u00e0 [&hellip;]<\/p>\n","protected":false},"author":1775,"featured_media":0,"comment_status":"closed","ping_status":"closed","sticky":false,"template":"","format":"standard","meta":{"fifu_image_url":"","fifu_image_alt":"","footnotes":""},"categories":[78,55],"tags":[],"class_list":["post-66461","post","type-post","status-publish","format-standard","hentry","category-economie","category-tunisie"],"_links":{"self":[{"href":"https:\/\/linitiative.ca\/International\/wp-json\/wp\/v2\/posts\/66461","targetHints":{"allow":["GET"]}}],"collection":[{"href":"https:\/\/linitiative.ca\/International\/wp-json\/wp\/v2\/posts"}],"about":[{"href":"https:\/\/linitiative.ca\/International\/wp-json\/wp\/v2\/types\/post"}],"author":[{"embeddable":true,"href":"https:\/\/linitiative.ca\/International\/wp-json\/wp\/v2\/users\/1775"}],"replies":[{"embeddable":true,"href":"https:\/\/linitiative.ca\/International\/wp-json\/wp\/v2\/comments?post=66461"}],"version-history":[{"count":0,"href":"https:\/\/linitiative.ca\/International\/wp-json\/wp\/v2\/posts\/66461\/revisions"}],"wp:attachment":[{"href":"https:\/\/linitiative.ca\/International\/wp-json\/wp\/v2\/media?parent=66461"}],"wp:term":[{"taxonomy":"category","embeddable":true,"href":"https:\/\/linitiative.ca\/International\/wp-json\/wp\/v2\/categories?post=66461"},{"taxonomy":"post_tag","embeddable":true,"href":"https:\/\/linitiative.ca\/International\/wp-json\/wp\/v2\/tags?post=66461"}],"curies":[{"name":"wp","href":"https:\/\/api.w.org\/{rel}","templated":true}]}}