{"id":66462,"date":"2019-11-04T07:17:01","date_gmt":"2019-11-04T12:17:01","guid":{"rendered":"https:\/\/linitiative.ca\/International\/production-dagrumes-ua-cap-bon-une-baisse-de-20-attendue-durant-cette-saison\/"},"modified":"2019-11-04T07:17:01","modified_gmt":"2019-11-04T12:17:01","slug":"production-dagrumes-ua-cap-bon-une-baisse-de-20-attendue-durant-cette-saison","status":"publish","type":"post","link":"https:\/\/linitiative.ca\/International\/production-dagrumes-ua-cap-bon-une-baisse-de-20-attendue-durant-cette-saison\/","title":{"rendered":"Production d\u2019agrumes ua Cap Bon : Une baisse de 20% attendue durant cette saison"},"content":{"rendered":"<p>La production d\u2019agrumes dans le gouvernorat de Nabeul va enregistrer une baisse de plus de 20%, selon les estimations. La r\u00e9colte est estim\u00e9e \u00e0 environ 220 mille tonnes contre 380 mille tonnes au cours de la saison pr\u00e9c\u00e9dente, selon B\u00e9chir Ounallah, pr\u00e9sident de l\u2019Union locale de l\u2019agriculture et de la p\u00eache \u00e0 B\u00e9ni Khaled.<\/p>\n<p>Des facteurs naturels figurent parmi les principales raisons de cette baisse li\u00e9s notamment au manque d\u2019eau d\u2019irrigation, explique Ounallah, pr\u00e9cisant que l\u2019alimentation en eau d\u2019irrigation interrompue par le Commissariat r\u00e9gional de d\u00e9veloppement agricole dans la r\u00e9gion a co\u00efncid\u00e9 avec le d\u00e9marrage de la saison d\u2019irrigation des champs d\u2019agrumes. Ce qui a eu un impact direct sur le rendement et la qualit\u00e9 de la production, a-t-il regrett\u00e9.<\/p>\n<p>Ounallah \u00e9voque \u00e9galement la propagation de la maladie des t\u00e2ches noires qui a affect\u00e9 environ 20% des champs d\u2019agrumes dans les r\u00e9gions de B\u00e9ni Khaled et Menzel Bouzelfa. Une maladie fongique qui constitue une s\u00e9rieuse menace pour les productions d\u2019agrumes, a-t-il averti.<\/p>\n<p>Ce qui est plus important pour le pr\u00e9sident de l\u2019Union locale de l\u2019agriculture et de la p\u00eache, est que la baisse de la r\u00e9colte n\u2019ait pas d\u2019impact sur les exportations. Durant la saison pr\u00e9c\u00e9dente, les exportations en oranges maltaises se sont \u00e9lev\u00e9es \u00e0 pr\u00e8s de 12 mille tonnes, a-t-il indiqu\u00e9. Selon lui, le secteur des agrumes au Cap Bon souffre de plusieurs lacunes li\u00e9es aux r\u00e9seaux de distribution \u00e0 l\u2019int\u00e9rieur du pays et au manque de moyens pour l\u2019encadrement agricole (\u00e9quipements et ressources humaines). La d\u00e9cision de cr\u00e9er un march\u00e9 de gros pour la fili\u00e8re Agrumes n\u2019a pas \u00e9t\u00e9 activ\u00e9e jusqu\u2019\u00e0 maintenant en raison de proc\u00e9dures administratives lourdes et complexes, a-t-il dit.<\/p>\n<p class=\"dpsp-share-text\">Partager c&rsquo;est aimer!<\/p>\n<div class=\"wp-post-author-wrap wp-post-author-shortcode left\">\n<h3 class=\"awpa-title\"\/>\n<div class=\"wp-post-author\">\n<div class=\"awpa-img awpa-author-block square\"><a href=\"http:\/\/lexpertjournal.net\/fr\/author\/expert\/\"><img loading=\"lazy\" decoding=\"async\" alt=\"\" src=\"http:\/\/2.gravatar.com\/avatar\/56d99be2a6f97af88ccb49fada637fcd?s=150&#038;d=mm&#038;r=g\" srcset=\"http:\/\/2.gravatar.com\/avatar\/56d99be2a6f97af88ccb49fada637fcd?s=300&#038;d=mm&#038;r=g 2x\" class=\"avatar avatar-150 photo\" height=\"150\" width=\"150\"\/><\/a><\/div>\n<\/div>\n<\/div>\n<p>Auteur: L&rsquo;expert<br \/>\n<a href=\"http:\/\/lexpertjournal.net\/fr\/2019\/11\/04\/production-dagrumes-ua-cap-bon-une-baisse-de-20-attendue-durant-cette-saison\/\">Cliquez ici pour lire l&rsquo;article depuis sa source.<\/a><\/p>\n","protected":false},"excerpt":{"rendered":"<p>La production d\u2019agrumes dans le gouvernorat de Nabeul va enregistrer une baisse de plus de 20%, selon les estimations. La r\u00e9colte est estim\u00e9e \u00e0 environ 220 mille tonnes contre 380 mille tonnes au cours de la saison pr\u00e9c\u00e9dente, selon B\u00e9chir Ounallah, pr\u00e9sident de l\u2019Union locale de l\u2019agriculture et de la p\u00eache \u00e0 B\u00e9ni Khaled. Des [&hellip;]<\/p>\n","protected":false},"author":1775,"featured_media":0,"comment_status":"closed","ping_status":"closed","sticky":false,"template":"","format":"standard","meta":{"fifu_image_url":"","fifu_image_alt":"","footnotes":""},"categories":[78,55],"tags":[],"class_list":["post-66462","post","type-post","status-publish","format-standard","hentry","category-economie","category-tunisie"],"_links":{"self":[{"href":"https:\/\/linitiative.ca\/International\/wp-json\/wp\/v2\/posts\/66462","targetHints":{"allow":["GET"]}}],"collection":[{"href":"https:\/\/linitiative.ca\/International\/wp-json\/wp\/v2\/posts"}],"about":[{"href":"https:\/\/linitiative.ca\/International\/wp-json\/wp\/v2\/types\/post"}],"author":[{"embeddable":true,"href":"https:\/\/linitiative.ca\/International\/wp-json\/wp\/v2\/users\/1775"}],"replies":[{"embeddable":true,"href":"https:\/\/linitiative.ca\/International\/wp-json\/wp\/v2\/comments?post=66462"}],"version-history":[{"count":0,"href":"https:\/\/linitiative.ca\/International\/wp-json\/wp\/v2\/posts\/66462\/revisions"}],"wp:attachment":[{"href":"https:\/\/linitiative.ca\/International\/wp-json\/wp\/v2\/media?parent=66462"}],"wp:term":[{"taxonomy":"category","embeddable":true,"href":"https:\/\/linitiative.ca\/International\/wp-json\/wp\/v2\/categories?post=66462"},{"taxonomy":"post_tag","embeddable":true,"href":"https:\/\/linitiative.ca\/International\/wp-json\/wp\/v2\/tags?post=66462"}],"curies":[{"name":"wp","href":"https:\/\/api.w.org\/{rel}","templated":true}]}}