{"id":66463,"date":"2019-11-04T07:20:15","date_gmt":"2019-11-04T12:20:15","guid":{"rendered":"https:\/\/linitiative.ca\/International\/nouvelles-du-marche-boursier\/"},"modified":"2019-11-04T07:20:15","modified_gmt":"2019-11-04T12:20:15","slug":"nouvelles-du-marche-boursier","status":"publish","type":"post","link":"https:\/\/linitiative.ca\/International\/nouvelles-du-marche-boursier\/","title":{"rendered":"Nouvelles du march\u00e9 boursier"},"content":{"rendered":"<p>Voici les nouvelles du march\u00e9 boursier, telles que rapport\u00e9es, lundi, par l\u2019interm\u00e9diaire en bourse MCP :<\/p>\n<p><strong>* SOTETEL :<\/strong> Les indicateurs d\u2019activit\u00e9s relatifs au T3-2019 font appara\u00eetre une baisse de 23% des revenus \u00e0 8,1 millions de dinars (MD). Le total du chiffre d\u2019affaires s\u2019est \u00e9tabli \u00e0 31,1 MD. Le chiffre d\u2019affaires local cumul\u00e9 a baiss\u00e9 de 3% pour s\u2019\u00e9tablir \u00e0 29 MD, les exportations ont augment\u00e9 de 129% \u00e0 1,7 MD. Les charges d\u2019exploitation sont pass\u00e9es de 27,4 MD \u00e0 30,9 MD \u00e0 fin septembre 2019, soit une progression de 12,5%. Cette progression provient de la hausse des achats consomm\u00e9s de 14,6% \u00e0 17,3 MD. L\u2019EBITDA a affich\u00e9 un repli de 93,1%, pour s\u2019\u00e9tablir \u00e0 239 mille dinars contre 3,4 MD une ann\u00e9e auparavant.<\/p>\n<p><strong>* CELLCOM :<\/strong> Les \u00e9tats financiers arr\u00eat\u00e9s au 31\/12\/2018, tels qu\u2019ils seront soumis \u00e0 l\u2019approbation de l\u2019AGO, qui se tiendra le 5 novembre 2019, font ressortir une perte nette de 3,3 MD, contre un d\u00e9ficit de 1 MD l\u2019ann\u00e9e pr\u00e9c\u00e9dente. Les revenus annuels ont baiss\u00e9 de 7,7% pour s\u2019\u00e9tablir \u00e0 33 MD. Les charges d\u2019exploitation se sont \u00e9tablies \u00e0 33,6 MD, soit une baisse de 4,9%. Le co\u00fbt d\u2019achat des marchandises vendues s\u2019est \u00e9tabli \u00e0 26,4 MD et les charges de personnel sont de l\u2019ordre de 2,7 MD. Le r\u00e9sultat d\u2019exploitation ressort d\u00e9ficitaire de 659 mille dinars contre un r\u00e9sultat exc\u00e9dentaire de 388 mille dinars en 2017. Le r\u00e9sultat par action au terme de l\u2019exercice 2018 se pr\u00e9sente n\u00e9gatif de 0,755 dinar contre un r\u00e9sultat par action n\u00e9gatif de 0,270 dinar au titre de l\u2019exercice 2017.<\/p>\n<p><strong>* POULINA GROUP HOLDING :<\/strong> Le chiffre d\u2019affaires r\u00e9alis\u00e9 durant le T3-2019 a baiss\u00e9 de 4% pour s\u2019\u00e9tablir \u00e0 697 MD. La baisse des revenus globaux provient essentiellement de la diminution des prix de vente dans le secteur avicole. La production a enregistr\u00e9 une diminution de 6% durant le T3-2019 pour s\u2019\u00e9tablir \u00e0 695 MD. Les investissements r\u00e9alis\u00e9s durant le T3-2019 ont atteint 54,6 MD contre 91,8 MD au T3-2018.<\/p>\n<p><strong>* SOMOCER :<\/strong> Croissance de 11,83% du chiffre d\u2019affaires r\u00e9alis\u00e9 durant le T3-2019, passant de 58,8 MD au T3-2018 \u00e0 65,4 MD. Le chiffre d\u2019affaires local a r\u00e9alis\u00e9 une hausse de 11,36%, \u00e0 58,074 MD. Le chiffre d\u2019affaires \u00e0 l\u2019export, qui repr\u00e9sente 11,3% du chiffre d\u2019affaires total, affiche une hausse de 15,69% pour s\u2019\u00e9tablir \u00e0 7,4 MD. La production affiche une hausse de 10,28% \u00e0 70,896 MD. Les investissements ont augment\u00e9 de 10,68% pour s\u2019\u00e9tablir \u00e0 5,2 MD. Les engagements bancaires ont enregistr\u00e9 une hausse de 2,06% \u00e0 76,179 MD \u00e0 fin septembre.<\/p>\n<p class=\"dpsp-share-text\">Partager c&rsquo;est aimer!<\/p>\n<div class=\"wp-post-author-wrap wp-post-author-shortcode left\">\n<h3 class=\"awpa-title\"\/>\n<div class=\"wp-post-author\">\n<div class=\"awpa-img awpa-author-block square\"><a href=\"http:\/\/lexpertjournal.net\/fr\/author\/expert\/\"><img loading=\"lazy\" decoding=\"async\" alt=\"\" src=\"http:\/\/2.gravatar.com\/avatar\/56d99be2a6f97af88ccb49fada637fcd?s=150&#038;d=mm&#038;r=g\" srcset=\"http:\/\/2.gravatar.com\/avatar\/56d99be2a6f97af88ccb49fada637fcd?s=300&#038;d=mm&#038;r=g 2x\" class=\"avatar avatar-150 photo\" height=\"150\" width=\"150\"\/><\/a><\/div>\n<\/div>\n<\/div>\n<p>Auteur: L&rsquo;expert<br \/>\n<a href=\"http:\/\/lexpertjournal.net\/fr\/2019\/11\/04\/nouvelles-du-marche-boursier\/\">Cliquez ici pour lire l&rsquo;article depuis sa source.<\/a><\/p>\n","protected":false},"excerpt":{"rendered":"<p>Voici les nouvelles du march\u00e9 boursier, telles que rapport\u00e9es, lundi, par l\u2019interm\u00e9diaire en bourse MCP : * SOTETEL : Les indicateurs d\u2019activit\u00e9s relatifs au T3-2019 font appara\u00eetre une baisse de 23% des revenus \u00e0 8,1 millions de dinars (MD). Le total du chiffre d\u2019affaires s\u2019est \u00e9tabli \u00e0 31,1 MD. Le chiffre d\u2019affaires local cumul\u00e9 a [&hellip;]<\/p>\n","protected":false},"author":1775,"featured_media":0,"comment_status":"closed","ping_status":"closed","sticky":false,"template":"","format":"standard","meta":{"fifu_image_url":"","fifu_image_alt":"","footnotes":""},"categories":[78,55],"tags":[],"class_list":["post-66463","post","type-post","status-publish","format-standard","hentry","category-economie","category-tunisie"],"_links":{"self":[{"href":"https:\/\/linitiative.ca\/International\/wp-json\/wp\/v2\/posts\/66463","targetHints":{"allow":["GET"]}}],"collection":[{"href":"https:\/\/linitiative.ca\/International\/wp-json\/wp\/v2\/posts"}],"about":[{"href":"https:\/\/linitiative.ca\/International\/wp-json\/wp\/v2\/types\/post"}],"author":[{"embeddable":true,"href":"https:\/\/linitiative.ca\/International\/wp-json\/wp\/v2\/users\/1775"}],"replies":[{"embeddable":true,"href":"https:\/\/linitiative.ca\/International\/wp-json\/wp\/v2\/comments?post=66463"}],"version-history":[{"count":0,"href":"https:\/\/linitiative.ca\/International\/wp-json\/wp\/v2\/posts\/66463\/revisions"}],"wp:attachment":[{"href":"https:\/\/linitiative.ca\/International\/wp-json\/wp\/v2\/media?parent=66463"}],"wp:term":[{"taxonomy":"category","embeddable":true,"href":"https:\/\/linitiative.ca\/International\/wp-json\/wp\/v2\/categories?post=66463"},{"taxonomy":"post_tag","embeddable":true,"href":"https:\/\/linitiative.ca\/International\/wp-json\/wp\/v2\/tags?post=66463"}],"curies":[{"name":"wp","href":"https:\/\/api.w.org\/{rel}","templated":true}]}}