{"id":66468,"date":"2019-11-04T13:04:14","date_gmt":"2019-11-04T18:04:14","guid":{"rendered":"https:\/\/linitiative.ca\/International\/lamericaine-elaine-mokhtefi-revient-sur-son-combat-pour-la-cause-algerienne\/"},"modified":"2019-11-04T13:04:14","modified_gmt":"2019-11-04T18:04:14","slug":"lamericaine-elaine-mokhtefi-revient-sur-son-combat-pour-la-cause-algerienne","status":"publish","type":"post","link":"https:\/\/linitiative.ca\/International\/lamericaine-elaine-mokhtefi-revient-sur-son-combat-pour-la-cause-algerienne\/","title":{"rendered":"L&rsquo;Am\u00e9ricaine Elaine Mokhtefi revient sur son combat pour la cause alg\u00e9rienne"},"content":{"rendered":"<div readability=\"38\">\n<p><strong>ALGER &#8211; L&rsquo;\u00e9crivaine Elaine Mokhtefi, militante anticolonialiste engag\u00e9e en faveur de l&rsquo;ind\u00e9pendance de l&rsquo;Alg\u00e9rie, a \u00e9voqu\u00e9, dimanche \u00e0 Alger, son long parcours de militante pour la cause alg\u00e9rienne durant la guerre de lib\u00e9ration.<\/strong><\/p>\n<\/div>\n<div readability=\"84\">\n<p>S&rsquo;exprimant lors d&rsquo;une rencontre en marge du 24e SILA, consacr\u00e9e \u00e0 la pr\u00e9sentation de son dernier ouvrage \u00a0\u00bb Alger, capitale de la r\u00e9volution: de Fanon aux Blacks Panthers\u00a0\u00bb, \u00e9dit\u00e9 r\u00e9cemment en Alg\u00e9rie, l&rsquo;\u00e9crivaine a rappel\u00e9 son engagement pour la cause alg\u00e9rienne aux c\u00f4t\u00e9s de militants du Front de lib\u00e9ration nationale (FLN).<\/p>\n<blockquote readability=\"10\">\n<p><em><strong>Membre de la repr\u00e9sentation du FLN \u00e0 New York (Etats Unis), Elaine Mokhtefi a contribu\u00e9 activement \u00e0 l&rsquo;inscription de la cause alg\u00e9rienne \u00e0 l&rsquo;Assembl\u00e9e g\u00e9n\u00e9rale de l&rsquo;ONU, a-t-elle t\u00e9moign\u00e9, pr\u00e9cisant que ses premiers contacts avec les militants alg\u00e9riens remontaient \u00e0 1952.<\/strong><\/em><\/p>\n<\/blockquote>\n<p>En 1958, en pleine guerre d&rsquo;Alg\u00e9rie, Mokhetfi rencontre lors d&rsquo;une conf\u00e9rence panafricaine des peuples \u00e0 Accra (Ghana), Frantz Fanon, militant anticolonialiste, et Mohamed Sahnoun, se rem\u00e9more-t-elle encore.<\/p>\n<p>Elaine Mokhtefi a rencontr\u00e9 \u00e9galement Hocine Ait Ahmed et M&rsquo;hamed Yazid, membres dirigeants de la repr\u00e9sentation dans cette grande ville am\u00e9ricaine qui abrite le si\u00e8ge de l&rsquo;ONU.<\/p>\n<p>Evoquant le Festival panafricain d&rsquo;Alger de 1969, auquel elle avait contribu\u00e9 en tant que membre organisateur, la militante de 91 ans garde le souvenir d&rsquo;un \u00e9v\u00e8nement \u00ab\u00a0\u00e9mouvant et extraordinaire qui n&rsquo;a eu jamais d&rsquo;\u00e9gal en Afrique et ailleurs\u00a0\u00bb.<\/p>\n<blockquote readability=\"14\">\n<p><em><strong>Cette manifestation panafricaine \u00e9tait un carrefour culturel et politique qui a pu r\u00e9unir des dirigeants de l&rsquo;Afrique noire et l&rsquo;Afrique du nord, poursuit la militante am\u00e9ricaine de la cause\u00a0 alg\u00e9rienne, qui \u00e9tait alors charg\u00e9e d&rsquo;accueillir la d\u00e9l\u00e9gation am\u00e9ricaine, t\u00e9moigne-t-elle.<\/strong><\/em><\/p>\n<p><em><strong>Ayant v\u00e9cu \u00e0 Alger entre 1962 et 1974, Elaine Mokhetfi a exerc\u00e9 en tant que journaliste \u00e0 l&rsquo;APS. Elle est \u00e9galement interpr\u00e8te et \u00e9crivaine<\/strong><\/em>.<\/p>\n<\/blockquote>\n<p>N\u00e9e en 1928 \u00e0 New York, Elaine Mokhetfi est l&rsquo;\u00e9pouse de l&rsquo;\u00e9crivain Mokhtar Mokhtefi, ancien membre de l&rsquo;Arm\u00e9e de lib\u00e9ration nationale (ALN).<\/p>\n<p>Engag\u00e9e en faveur des luttes anticolonialistes et anti-raciales, elle s&rsquo;est distingu\u00e9e particuli\u00e8rement par son combat aux c\u00f4t\u00e9s des \u00ab\u00a0Black Panthers\u00a0\u00bb, un mouvement de lib\u00e9ration afro-am\u00e9ricain militant pour les droits civiques.<\/p>\n<p>Des rencontres sur l&rsquo;histoire et l&rsquo;\u00e9dition, entre autres, sont programm\u00e9es \u00e0 24e SILA qui se poursuit jusqu&rsquo;au 9 novembre au Palais des expositions des Pins-Maritimes.<\/p>\n<\/div>\n<p>Auteur:<br \/>\n<a href=\"http:\/\/www.aps.dz\/culture\/96900-sila-l-americaine-elaine-mokhtefi-revient-sur-son-combat-pour-la-cause-algerienne\">Cliquez ici pour lire l&rsquo;article depuis sa source.<\/a><\/p>\n","protected":false},"excerpt":{"rendered":"<p>ALGER &#8211; L&rsquo;\u00e9crivaine Elaine Mokhtefi, militante anticolonialiste engag\u00e9e en faveur de l&rsquo;ind\u00e9pendance de l&rsquo;Alg\u00e9rie, a \u00e9voqu\u00e9, dimanche \u00e0 Alger, son long parcours de militante pour la cause alg\u00e9rienne durant la guerre de lib\u00e9ration. S&rsquo;exprimant lors d&rsquo;une rencontre en marge du 24e SILA, consacr\u00e9e \u00e0 la pr\u00e9sentation de son dernier ouvrage \u00a0\u00bb Alger, capitale de la [&hellip;]<\/p>\n","protected":false},"author":1790,"featured_media":0,"comment_status":"closed","ping_status":"closed","sticky":false,"template":"","format":"standard","meta":{"fifu_image_url":"","fifu_image_alt":"","footnotes":""},"categories":[53,79],"tags":[],"class_list":["post-66468","post","type-post","status-publish","format-standard","hentry","category-algerie","category-culture"],"_links":{"self":[{"href":"https:\/\/linitiative.ca\/International\/wp-json\/wp\/v2\/posts\/66468","targetHints":{"allow":["GET"]}}],"collection":[{"href":"https:\/\/linitiative.ca\/International\/wp-json\/wp\/v2\/posts"}],"about":[{"href":"https:\/\/linitiative.ca\/International\/wp-json\/wp\/v2\/types\/post"}],"author":[{"embeddable":true,"href":"https:\/\/linitiative.ca\/International\/wp-json\/wp\/v2\/users\/1790"}],"replies":[{"embeddable":true,"href":"https:\/\/linitiative.ca\/International\/wp-json\/wp\/v2\/comments?post=66468"}],"version-history":[{"count":0,"href":"https:\/\/linitiative.ca\/International\/wp-json\/wp\/v2\/posts\/66468\/revisions"}],"wp:attachment":[{"href":"https:\/\/linitiative.ca\/International\/wp-json\/wp\/v2\/media?parent=66468"}],"wp:term":[{"taxonomy":"category","embeddable":true,"href":"https:\/\/linitiative.ca\/International\/wp-json\/wp\/v2\/categories?post=66468"},{"taxonomy":"post_tag","embeddable":true,"href":"https:\/\/linitiative.ca\/International\/wp-json\/wp\/v2\/tags?post=66468"}],"curies":[{"name":"wp","href":"https:\/\/api.w.org\/{rel}","templated":true}]}}