{"id":66469,"date":"2019-11-04T13:04:19","date_gmt":"2019-11-04T18:04:19","guid":{"rendered":"https:\/\/linitiative.ca\/International\/journees-du-court-metrage-appel-a-la-creation-dun-festival-du-court-metrage\/"},"modified":"2019-11-04T13:04:19","modified_gmt":"2019-11-04T18:04:19","slug":"journees-du-court-metrage-appel-a-la-creation-dun-festival-du-court-metrage","status":"publish","type":"post","link":"https:\/\/linitiative.ca\/International\/journees-du-court-metrage-appel-a-la-creation-dun-festival-du-court-metrage\/","title":{"rendered":"Journ\u00e9es du court-m\u00e9trage: appel \u00e0 la cr\u00e9ation d\u2019un festival du court-m\u00e9trage  \u00a0"},"content":{"rendered":"<div readability=\"33\">\n<p><strong>BECHAR- Les participants aux 5\u00e8mes journ\u00e9es nationales du court-m\u00e9trage de Bechar (JNCMB) ont appel\u00e9 lundi \u00e0 la cr\u00e9ation d\u2019un festival national d\u00e9di\u00e9 uniquement au court-m\u00e9trage.<\/strong><\/p>\n<\/div>\n<div readability=\"85.5\">\n<p>Un appel est lanc\u00e9 aux responsables du secteur de la culture et les autres \u00e9tablissements culturels et artistiques du pays \u00e0 contribuer \u00e0 la cr\u00e9ation d\u2019un v\u00e9ritable festival national du court-m\u00e9trage dans le but de d\u00e9velopper et promouvoir le cin\u00e9ma national et surtout encourager les jeunes cin\u00e9astes, a affirm\u00e9 \u00e0 l\u2019APS le com\u00e9dien Mourad Khan qui participe avec un court-m\u00e9trage intitul\u00e9 \u00ab\u00a0Amertume\u00a0\u00bb.<\/p>\n<blockquote readability=\"14\">\n<p><strong>\u00ab\u00a0Nous souhaitons la cr\u00e9ation de ce festival national, annuellement, et en faire, en plus d\u2019\u00eatre un espace de connaissance et de d\u00e9couverte de jeunes cin\u00e9astes, un lieu ou l\u2019on peut cr\u00e9er un v\u00e9ritable march\u00e9 des productions de cin\u00e9astes, tant les jeunes que les professionnels\u00a0\u00bb, a-t-il soulign\u00e9.<\/strong><\/p>\n<\/blockquote>\n<p>L\u2019industrie cin\u00e9matographique dans le pays a besoin de ce genre de manifestations nationales, de m\u00eame qu\u2019elle a besoin d\u2019un cadre propice \u00e0 la connaissance des jeunes talents et de leur travaux, et d\u2019une manifestation pouvant \u00eatre d\u2019un apport \u00e0 la distribution des productions cin\u00e9matographiques de tous genres, a soutenu, pour sa part, le jeune cin\u00e9aste Samir Benalla, qui prend part au volet comp\u00e9tition des JNCMB avec son \u0153uvre \u00ab\u00a0El-Alam\u00a0\u00bb traitant du sujet social tr\u00e8s sensible li\u00e9 aux harc\u00e8lements sexuels des femmes de m\u00e9nage.<\/p>\n<p>La mise en place d\u2019un festival national du court m\u00e9trage doit se faire en coordination avec le mouvement associatif activant dans le domaine, pour permettre l\u2019\u00e9mergence d\u2019organisateurs de pareilles\u00a0manifestations artistiques parmi les \u00ab\u00a0v\u00e9ritables amoureux du cin\u00e9ma et non quiconque\u00a0\u00bb, selon le cin\u00e9aste Larbi Lakehal, pr\u00e9sident du jury de ces 5\u00e8mes JNCMB.<\/p>\n<blockquote readability=\"13\">\n<p><strong>\u00ab\u00a0L\u2019exp\u00e9rience de ces derni\u00e8res ann\u00e9es a d\u00e9montr\u00e9 que confier des festivals de cin\u00e9ma aux non concern\u00e9s a \u00e9t\u00e9 un \u00e9chec, d\u2019o\u00f9 la n\u00e9cessit\u00e9 de faire appel aux comp\u00e9tences du cin\u00e9ma national pour promouvoir les manifestations du genre\u00a0\u00bb, a expliqu\u00e9 le m\u00eame cin\u00e9aste a qui l\u2019on doit plusieurs documentaires-fictions historiques, notamment \u00ab\u00a0L\u2019\u00e9pop\u00e9e de la r\u00e9sistance dans le Sud-ouest du pays\u00a0\u00bb, \u00ab\u00a0L\u2019histoire des mines en Alg\u00e9rie\u00a0\u00bb,et \u00ab\u00a0L\u2019histoire de la zone huit de la wilaya 5 historique\u00a0\u00bb.<\/strong><\/p>\n<\/blockquote>\n<p>Pour ces participants aux 5\u00e8me JNCMB de Bechar, \u00ab\u00a0la n\u00e9cessit\u00e9 de la r\u00e9vision des crit\u00e8res de s\u00e9lection des courts-m\u00e9trages en comp\u00e9tition pour les diff\u00e9rents prix des journ\u00e9es du court-m\u00e9trage organis\u00e9es \u00e0 travers le pays doit \u00eatre rigoureuse, eu \u00e9gard \u00e0 la qualit\u00e9 des produits cin\u00e9matographiques visionn\u00e9s au cours de ces manifestations et qui restent \u2018\u2019en de\u00e7\u00e0 des aspirations du public cin\u00e9phile\u00a0\u00bb.<\/p>\n<p>Les JNCMB, qui ont d\u00e9but\u00e9 samedi dans la soir\u00e9e avec la participation de 15 \u0153uvres cin\u00e9matographiques de jeunes issus de 14 wilayas du pays, vise \u00e0 offrir une opportunit\u00e9 aux jeunes cin\u00e9astes amateurs pour faire d\u00e9couvrir au public leurs \u0153uvres, selon ses organisateurs.<\/p>\n<p>Les trois premiers laur\u00e9ats de cette manifestation cin\u00e9matographique seront connus mardi au cours d\u2019une c\u00e9r\u00e9monie de remise de prix et de troph\u00e9e, pr\u00e9vue \u00e0 la maison de la culture \u00ab\u00a0Kadi Mohamed\u00a0\u00bb, principale\u00a0initiatrice de ces journ\u00e9es cin\u00e9matographiques.<\/p>\n<\/div>\n<p>Auteur:<br \/>\n<a href=\"http:\/\/www.aps.dz\/culture\/96902-bechar-journees-du-court-metrage-appel-a-la-creation-d-un-festival-du-court-metrage\">Cliquez ici pour lire l&rsquo;article depuis sa source.<\/a><\/p>\n","protected":false},"excerpt":{"rendered":"<p>BECHAR- Les participants aux 5\u00e8mes journ\u00e9es nationales du court-m\u00e9trage de Bechar (JNCMB) ont appel\u00e9 lundi \u00e0 la cr\u00e9ation d\u2019un festival national d\u00e9di\u00e9 uniquement au court-m\u00e9trage. Un appel est lanc\u00e9 aux responsables du secteur de la culture et les autres \u00e9tablissements culturels et artistiques du pays \u00e0 contribuer \u00e0 la cr\u00e9ation d\u2019un v\u00e9ritable festival national du [&hellip;]<\/p>\n","protected":false},"author":1790,"featured_media":0,"comment_status":"closed","ping_status":"closed","sticky":false,"template":"","format":"standard","meta":{"fifu_image_url":"","fifu_image_alt":"","footnotes":""},"categories":[53,79],"tags":[],"class_list":["post-66469","post","type-post","status-publish","format-standard","hentry","category-algerie","category-culture"],"_links":{"self":[{"href":"https:\/\/linitiative.ca\/International\/wp-json\/wp\/v2\/posts\/66469","targetHints":{"allow":["GET"]}}],"collection":[{"href":"https:\/\/linitiative.ca\/International\/wp-json\/wp\/v2\/posts"}],"about":[{"href":"https:\/\/linitiative.ca\/International\/wp-json\/wp\/v2\/types\/post"}],"author":[{"embeddable":true,"href":"https:\/\/linitiative.ca\/International\/wp-json\/wp\/v2\/users\/1790"}],"replies":[{"embeddable":true,"href":"https:\/\/linitiative.ca\/International\/wp-json\/wp\/v2\/comments?post=66469"}],"version-history":[{"count":0,"href":"https:\/\/linitiative.ca\/International\/wp-json\/wp\/v2\/posts\/66469\/revisions"}],"wp:attachment":[{"href":"https:\/\/linitiative.ca\/International\/wp-json\/wp\/v2\/media?parent=66469"}],"wp:term":[{"taxonomy":"category","embeddable":true,"href":"https:\/\/linitiative.ca\/International\/wp-json\/wp\/v2\/categories?post=66469"},{"taxonomy":"post_tag","embeddable":true,"href":"https:\/\/linitiative.ca\/International\/wp-json\/wp\/v2\/tags?post=66469"}],"curies":[{"name":"wp","href":"https:\/\/api.w.org\/{rel}","templated":true}]}}