{"id":66475,"date":"2019-11-04T10:39:58","date_gmt":"2019-11-04T15:39:58","guid":{"rendered":"https:\/\/linitiative.ca\/International\/reduction-des-disparites-sociales-presentation-du-bilan\/"},"modified":"2019-11-04T10:39:58","modified_gmt":"2019-11-04T15:39:58","slug":"reduction-des-disparites-sociales-presentation-du-bilan","status":"publish","type":"post","link":"https:\/\/linitiative.ca\/International\/reduction-des-disparites-sociales-presentation-du-bilan\/","title":{"rendered":"R\u00e9duction des disparit\u00e9s sociales: Pr\u00e9sentation du bilan"},"content":{"rendered":"<div readability=\"35\">\n<p>Essaouira \u2013 Une r\u00e9union de travail consacr\u00e9e \u00e0 l\u2019examen du bilan du programme de r\u00e9duction des disparit\u00e9s territoriales et sociales en milieu rural ainsi que des programmes d\u2019\u00e9quipement parall\u00e8les, a \u00e9t\u00e9 tenue r\u00e9cemment au si\u00e8ge de la province d\u2019Essaouira.<\/p>\n<\/div>\n<div readability=\"141\">\n<p>Lors de cette rencontre, il a \u00e9t\u00e9 proc\u00e9d\u00e9 \u00e0 la pr\u00e9sentation des diff\u00e9rentes r\u00e9alisations accomplies dans le cadre ces programmes durant la p\u00e9riode 2016-2019, notamment le bilan des projets financ\u00e9s partiellement ou totalement par le Conseil de la r\u00e9gion de Marrakech-Safi et qui concernent la province d\u2019Essaouira.<\/p>\n<p>A cette occasion, l\u2019assistance a suivi un expos\u00e9 de la Division des Affaires Sociales (DAS) relevant de la province d\u2019Essaouira, ax\u00e9 sur le programme de lutte contre les disparit\u00e9s sociales en milieu rural, et les projets financ\u00e9s en dehors du Fonds de D\u00e9veloppement Rural (FDRZM).<\/p>\n<p>Intervenant \u00e0 cette occasion, le pr\u00e9sident du Conseil de la r\u00e9gion de Marrakech-Safi, Ahmed Akhchichine, a fait savoir que le Conseil de la r\u00e9gion a veill\u00e9 \u00e0 tenir compte du d\u00e9ficit enregistr\u00e9 en mati\u00e8re d\u2019acc\u00e8s aux services de base au niveau de la province d\u2019Essaouira, \u00e9tant donn\u00e9 que cette partie du territoire national compte le plus grand nombre de communes rurales au niveau de la r\u00e9gion de Marrakech-Safi.<\/p>\n<p>\u00ab\u00a0Le Conseil de la r\u00e9gion de Marrakech-Safi a veill\u00e9 \u00e0 la mise en oeuvre du programme de lutte contre les disparit\u00e9s sociales ainsi que des autres programmes parall\u00e8les et ce, en oeuvrant pour combler le d\u00e9ficit dans les domaines qui constituent une priorit\u00e9 de premier plan pour la population, notamment le d\u00e9senclavement, le raccordement au r\u00e9seau \u00e9lectrique national et l\u2019approvisionnement en eau potable\u00a0\u00bb, a-t-il expliqu\u00e9.<\/p>\n<p>Dans ce sens, le Conseil de la r\u00e9gion de Marrakech-Safi a consacr\u00e9 plus de 75 millions de DH au titre de l\u2019ann\u00e9e 2019, a-t-il rappel\u00e9.<\/p>\n<p>De son c\u00f4t\u00e9, le gouverneur de la province d\u2019Essaouira, M. Adil El Maliki, a relev\u00e9 que cette province conna\u00eet, en d\u00e9pit de sa particularit\u00e9 en termes de diversit\u00e9 de ses composantes aussi bien au niveau territorial et du patrimoine immat\u00e9riel, notamment culturel et ses potentialit\u00e9s touristiques, nombre de contraintes, dont la vuln\u00e9rabilit\u00e9, la d\u00e9perdition scolaire, outre un d\u00e9ficit hydrique dans plusieurs communes territoriales.<\/p>\n<p>Et de poursuivre que ces contraintes se r\u00e9percutent sur la cadence de d\u00e9veloppement socio-\u00e9conomique, notant que le programme de lutte contre les disparit\u00e9s sociales et territoriales dans le monde rural constitue l\u2019un des leviers dont les jalons ont \u00e9t\u00e9 consacr\u00e9s par SM le Roi Mohammed VI, dans l\u2019objectif de transcender ces difficult\u00e9s et de r\u00e9aliser un d\u00e9veloppement int\u00e9gr\u00e9 ax\u00e9 sur l\u2019\u00e9l\u00e9ment humain.<\/p>\n<p>M. El Maliki a relev\u00e9 qu\u2019en application des Hautes Orientations Royales, la province d\u2019Essaouira a connu la mise en oeuvre d\u2019une s\u00e9rie de projets, avec un avancement remarquable ces trois derni\u00e8res ann\u00e9es, notant que la province a connu en partenariat avec plusieurs acteurs, et \u00e0 leur t\u00eate le Conseil de la R\u00e9gion de Marrakech-Safi, la r\u00e9alisation de 108 projets, ces trois derni\u00e8res ann\u00e9es, pour une enveloppe budg\u00e9taire \u00e9valu\u00e9e \u00e0 369.284.000,00 DH, avec une contribution du Conseil de la r\u00e9gion \u00e0 hauteur de 142.500.000 DH ayant concern\u00e9 la r\u00e9alisation de 20 projets.<\/p>\n<p>S\u2019agissant des projets concernant le d\u00e9veloppement territorial, il est \u00e0 souligner que la province a enregistr\u00e9 la mise en oeuvre de projets essentiels en dehors du programme du Fonds de D\u00e9veloppement Rural ayant profit\u00e9 aux communes de la province, d\u2019un montant total de 3.417.125,57 DH, a-t-il pr\u00e9cis\u00e9.<\/p>\n<p>Sur un autre registre, M. El Maliki a lou\u00e9 les efforts d\u00e9ploy\u00e9s par le Conseil de la R\u00e9gion de Marrakech-Safi en mati\u00e8re de promotion de l\u2019\u00e9l\u00e9ment humain en tant que l\u2019un des piliers majeurs du d\u00e9veloppement et ce, via sa contribution exemplaire \u00e0 la r\u00e9alisation de nombre de projets, dont la dotation de nombre de communes territoriales en camions-citernes pour faire face \u00e0 la raret\u00e9 des ressources en eau, l\u2019ouverture de circuits pour le d\u00e9senclavement de certains rassemblements r\u00e9sidentiels, et la lutte contre la d\u00e9perdition scolaire \u00e0 travers la distribution de bus scolaires.<\/p>\n<p>A l\u2019issue de cette r\u00e9union de travail, il a \u00e9t\u00e9 proc\u00e9d\u00e9 \u00e0 la remise d\u2019un lot de bus scolaires, comme contribution du Conseil de la R\u00e9gion en mati\u00e8re de promotion de la scolarisation et de lutte contre la d\u00e9perdition scolaire, au profit de 10 communes rurales relevant de la province.<\/p>\n<p>En mati\u00e8re de lutte contre le d\u00e9ficit en ressources hydriques, il a \u00e9t\u00e9 proc\u00e9d\u00e9 \u00e9galement \u00e0 la remise de camions-citernes au profit de communes de la province.<\/p>\n<p>A noter que cette rencontre, s\u2019est d\u00e9roul\u00e9e en pr\u00e9sence notamment du pr\u00e9sident du conseil provincial d\u2019Essaouira, du pr\u00e9sident du conseil municipal, des membres du Conseil de la R\u00e9gion, des chefs des services ext\u00e9rieurs, ainsi que d\u2019autres personnalit\u00e9s.<\/p>\n<\/div>\n<p>Auteur: Meriem IGASS<br \/>\n<a href=\"http:\/\/www.mapmarrakech.ma\/fr\/programme-2\/\">Cliquez ici pour lire l&rsquo;article depuis sa source.<\/a><\/p>\n","protected":false},"excerpt":{"rendered":"<p>Essaouira \u2013 Une r\u00e9union de travail consacr\u00e9e \u00e0 l\u2019examen du bilan du programme de r\u00e9duction des disparit\u00e9s territoriales et sociales en milieu rural ainsi que des programmes d\u2019\u00e9quipement parall\u00e8les, a \u00e9t\u00e9 tenue r\u00e9cemment au si\u00e8ge de la province d\u2019Essaouira. Lors de cette rencontre, il a \u00e9t\u00e9 proc\u00e9d\u00e9 \u00e0 la pr\u00e9sentation des diff\u00e9rentes r\u00e9alisations accomplies dans [&hellip;]<\/p>\n","protected":false},"author":1788,"featured_media":0,"comment_status":"closed","ping_status":"closed","sticky":false,"template":"","format":"standard","meta":{"fifu_image_url":"","fifu_image_alt":"","footnotes":""},"categories":[54,76],"tags":[],"class_list":["post-66475","post","type-post","status-publish","format-standard","hentry","category-maroc","category-regions"],"_links":{"self":[{"href":"https:\/\/linitiative.ca\/International\/wp-json\/wp\/v2\/posts\/66475","targetHints":{"allow":["GET"]}}],"collection":[{"href":"https:\/\/linitiative.ca\/International\/wp-json\/wp\/v2\/posts"}],"about":[{"href":"https:\/\/linitiative.ca\/International\/wp-json\/wp\/v2\/types\/post"}],"author":[{"embeddable":true,"href":"https:\/\/linitiative.ca\/International\/wp-json\/wp\/v2\/users\/1788"}],"replies":[{"embeddable":true,"href":"https:\/\/linitiative.ca\/International\/wp-json\/wp\/v2\/comments?post=66475"}],"version-history":[{"count":0,"href":"https:\/\/linitiative.ca\/International\/wp-json\/wp\/v2\/posts\/66475\/revisions"}],"wp:attachment":[{"href":"https:\/\/linitiative.ca\/International\/wp-json\/wp\/v2\/media?parent=66475"}],"wp:term":[{"taxonomy":"category","embeddable":true,"href":"https:\/\/linitiative.ca\/International\/wp-json\/wp\/v2\/categories?post=66475"},{"taxonomy":"post_tag","embeddable":true,"href":"https:\/\/linitiative.ca\/International\/wp-json\/wp\/v2\/tags?post=66475"}],"curies":[{"name":"wp","href":"https:\/\/api.w.org\/{rel}","templated":true}]}}