{"id":66478,"date":"2019-11-04T12:25:54","date_gmt":"2019-11-04T17:25:54","guid":{"rendered":"https:\/\/linitiative.ca\/International\/interpellation-dun-individu-pour-crimes-et-delits\/"},"modified":"2019-11-04T12:25:54","modified_gmt":"2019-11-04T17:25:54","slug":"interpellation-dun-individu-pour-crimes-et-delits","status":"publish","type":"post","link":"https:\/\/linitiative.ca\/International\/interpellation-dun-individu-pour-crimes-et-delits\/","title":{"rendered":"Interpellation d\u2019un individu pour crimes et d\u00e9lits"},"content":{"rendered":"<div class=\"single-featured\"><img alt=\"\" data-src=\"http:\/\/www.mapmarrakech.ma\/map\/uploads\/2019\/07\/arrestation.jpg\"\/><\/div>\n<div class=\"single-post-excerpt post-excerpt-bc\" readability=\"37\">\n<p>Marrakech \u2013 Les \u00e9l\u00e9ments du 14\u00e8me arrondissement de police de Marrakech ont arr\u00eat\u00e9, r\u00e9cemment, un individu aux multiples ant\u00e9c\u00e9dents judiciaires pour diff\u00e9rents crimes et d\u00e9lits, en flagrant d\u00e9lit de possession et de trafic de drogue.<\/p>\n<\/div>\n<div class=\"entry-content clearfix single-post-content\" readability=\"58\">\n<p>Selon une source polici\u00e8re, les \u00e9l\u00e9ments de la police de cet arrondissement ont interagi, avec c\u00e9l\u00e9rit\u00e9 et efficacit\u00e9, suite \u00e0 une plainte d\u00e9pos\u00e9e \u00e0 l\u2019encontre du mis en cause, pour coups et blessures, agression sexuelle et tentative d\u2019atteinte \u00e0 la pudeur avec violence.<\/p>\n<p>Aussit\u00f4t inform\u00e9s du contenu de la plainte, les limiers de la police se sont rapidement rendus sur les lieux du crime \u00e0 Sidi Abbad, et ont proc\u00e9d\u00e9 \u00e0 l\u2019arrestation du pr\u00e9venu apr\u00e8s que les enqu\u00eates men\u00e9es dans le cadre de cette affaire ont confirm\u00e9 son implication dans les faits qui lui sont reproch\u00e9s.<\/p>\n<p>Cette op\u00e9ration a permis, aussi, la saisie d\u2019un grand sac contenant une importante quantit\u00e9 de tiges de kif, de feuilles de tabac de contrebande et une quantit\u00e9 de chira pr\u00eate \u00e0 \u00eatre commercialis\u00e9e.<\/p>\n<p>Le mis en cause a \u00e9t\u00e9 plac\u00e9 en garde \u00e0 vue pour les besoins de l\u2019enqu\u00eate en cours, sous la supervision du Parquet g\u00e9n\u00e9ral comp\u00e9tent, en attendant d\u2019\u00eatre d\u00e9f\u00e9r\u00e9 devant la justice.<\/p>\n<\/div>\n<p>Auteur: Meriem IGASS<br \/>\n<a href=\"http:\/\/www.mapmarrakech.ma\/fr\/individu\/\">Cliquez ici pour lire l&rsquo;article depuis sa source.<\/a><\/p>\n","protected":false},"excerpt":{"rendered":"<p>Marrakech \u2013 Les \u00e9l\u00e9ments du 14\u00e8me arrondissement de police de Marrakech ont arr\u00eat\u00e9, r\u00e9cemment, un individu aux multiples ant\u00e9c\u00e9dents judiciaires pour diff\u00e9rents crimes et d\u00e9lits, en flagrant d\u00e9lit de possession et de trafic de drogue. Selon une source polici\u00e8re, les \u00e9l\u00e9ments de la police de cet arrondissement ont interagi, avec c\u00e9l\u00e9rit\u00e9 et efficacit\u00e9, suite \u00e0 [&hellip;]<\/p>\n","protected":false},"author":1788,"featured_media":66479,"comment_status":"closed","ping_status":"closed","sticky":false,"template":"","format":"standard","meta":{"fifu_image_url":"","fifu_image_alt":"","footnotes":""},"categories":[54,76],"tags":[],"class_list":["post-66478","post","type-post","status-publish","format-standard","has-post-thumbnail","hentry","category-maroc","category-regions"],"_links":{"self":[{"href":"https:\/\/linitiative.ca\/International\/wp-json\/wp\/v2\/posts\/66478","targetHints":{"allow":["GET"]}}],"collection":[{"href":"https:\/\/linitiative.ca\/International\/wp-json\/wp\/v2\/posts"}],"about":[{"href":"https:\/\/linitiative.ca\/International\/wp-json\/wp\/v2\/types\/post"}],"author":[{"embeddable":true,"href":"https:\/\/linitiative.ca\/International\/wp-json\/wp\/v2\/users\/1788"}],"replies":[{"embeddable":true,"href":"https:\/\/linitiative.ca\/International\/wp-json\/wp\/v2\/comments?post=66478"}],"version-history":[{"count":0,"href":"https:\/\/linitiative.ca\/International\/wp-json\/wp\/v2\/posts\/66478\/revisions"}],"wp:featuredmedia":[{"embeddable":true,"href":"https:\/\/linitiative.ca\/International\/wp-json\/"}],"wp:attachment":[{"href":"https:\/\/linitiative.ca\/International\/wp-json\/wp\/v2\/media?parent=66478"}],"wp:term":[{"taxonomy":"category","embeddable":true,"href":"https:\/\/linitiative.ca\/International\/wp-json\/wp\/v2\/categories?post=66478"},{"taxonomy":"post_tag","embeddable":true,"href":"https:\/\/linitiative.ca\/International\/wp-json\/wp\/v2\/tags?post=66478"}],"curies":[{"name":"wp","href":"https:\/\/api.w.org\/{rel}","templated":true}]}}