{"id":66480,"date":"2019-11-04T13:21:45","date_gmt":"2019-11-04T18:21:45","guid":{"rendered":"https:\/\/linitiative.ca\/International\/rencontre-autour-du-developpement-de-la-petite-enfance\/"},"modified":"2019-11-04T13:21:45","modified_gmt":"2019-11-04T18:21:45","slug":"rencontre-autour-du-developpement-de-la-petite-enfance","status":"publish","type":"post","link":"https:\/\/linitiative.ca\/International\/rencontre-autour-du-developpement-de-la-petite-enfance\/","title":{"rendered":"Rencontre autour du d\u00e9veloppement de la petite enfance"},"content":{"rendered":"<div readability=\"38\">\n<p>Marrakech \u2013 Une rencontre de sensibilisation et de communication autour de l\u2019importance du d\u00e9veloppement de la petite enfance, en tant qu\u2019\u00e9tape cruciale dans le d\u00e9veloppement et l\u2019\u00e9panouissement de l\u2019individu \u00e0 m\u00eame de lui garantir un avenir prometteur, a \u00e9t\u00e9 organis\u00e9e, lundi au si\u00e8ge de la wilaya de la r\u00e9gion de Marrakech-Safi.<\/p>\n<\/div>\n<div readability=\"178\">\n<p>Plac\u00e9e sous le th\u00e8me \u00ab\u00a0Construire l\u2019avenir de nos enfants commence d\u00e8s l\u2019enfance\u00a0\u00bb, cette rencontre s\u2019ins\u00e8re dans le sillage de la campagne nationale sur le d\u00e9veloppement de la petite enfance (du 21 octobre au 04 novembre) et se fixe notamment pour objectif de sensibiliser les acteurs concern\u00e9s quant \u00e0 l\u2019importance de cette question.<\/p>\n<p>S\u2019exprimant \u00e0 cette occasion, le Wali de la r\u00e9gion de Marrakech-Safi, gouverneur de la pr\u00e9fecture de Marrakech, Karim Kassi-Lahlou, a soulign\u00e9 que cette rencontre de communication vise \u00e0 susciter un int\u00e9r\u00eat accru pour le d\u00e9veloppement de la petite enfance aupr\u00e8s des professionnels oeuvrant dans ce domaine, \u00e0 sensibiliser les acteurs concern\u00e9s quant \u00e0 l\u2019importance d\u2019accorder un int\u00e9r\u00eat particulier \u00e0 cette question et \u00e0 mettre en avant ses impacts positifs sur la construction d\u2019un avenir radieux au profit des g\u00e9n\u00e9rations montantes, ainsi qu\u2019\u00e0 informer l\u2019assistance sur les champs d\u2019intervention de l\u2019Initiative Nationale pour le D\u00e9veloppement Humain (INDH) en la mati\u00e8re.<\/p>\n<p>Mettant en exergue les Hautes Orientations Royales contenues dans le message adress\u00e9 par SM le Roi Mohammed VI aux participants aux premi\u00e8res Assises nationales du d\u00e9veloppement humain, tenues en septembre dernier \u00e0 Skhirat, M. Kassi-Lahlou a indiqu\u00e9 que le d\u00e9veloppement de la petite enfance se veut un moyen efficient et un levier fondamental pour lutter contre les in\u00e9galit\u00e9s socio-\u00e9conomiques et territoriales.<\/p>\n<p>Et d\u2019ajouter que l\u2019investissement dans le capital humain de l\u2019enfant, \u00e0 travers une prise en charge suffisante en mati\u00e8re de sant\u00e9, une alimentation saine et la mise en place d\u2019un environnement appropri\u00e9 pour l\u2019apprentissage pr\u00e9coce, lui permettra de se doter des outils et m\u00e9canismes n\u00e9cessaires pour relever les d\u00e9fis de demain et r\u00e9ussir dans toutes les \u00e9tapes de la vie, que ce soit \u00e0 l\u2019\u00e9cole ou dans le monde du travail, \u00e0 m\u00eame d\u2019\u00eatre capable de contribuer efficacement au d\u00e9veloppement de la soci\u00e9t\u00e9 et de b\u00e2tir une famille impr\u00e9gn\u00e9e des valeurs de coexistence, de solidarit\u00e9, de tol\u00e9rance et de respect d\u2019autrui.<\/p>\n<p>Il a, en outre, not\u00e9 que le Royaume a r\u00e9alis\u00e9, depuis des d\u00e9cennies, de grandes avanc\u00e9es dans les domaines inh\u00e9rents au d\u00e9veloppement de la petite enfance, notamment dans le secteur de la sant\u00e9, \u00e0 travers la g\u00e9n\u00e9ralisation de la vaccination contre les maladies des enfants, l\u2019am\u00e9lioration de leur nutrition, et la promotion de la sant\u00e9 de la m\u00e8re et de l\u2019enfant, \u00e0 travers la r\u00e9duction des taux de mortalit\u00e9 maternelle et infantile, relevant, toutefois, que malgr\u00e9 ces efforts, le d\u00e9ficit persiste encore, en particulier en ce qui concerne les disparit\u00e9s entre les milieux rural et urbain.<\/p>\n<p>Il a ainsi soutenu que les pouvoirs publics, les \u00e9lus, les acteurs associatifs, le secteur priv\u00e9 et tous les autres intervenants concern\u00e9s sont appel\u00e9s \u00e0 relever ce d\u00e9fi et \u00e0 redoubler d\u2019efforts pour la promotion de la petite enfance et ce, en veillant \u00e0 garantir une meilleure synergie entre les interventions des diff\u00e9rents acteurs pour une bonne gouvernance, \u00e0 accorder une importance majeure \u00e0 la qualit\u00e9 des services li\u00e9s \u00e0 ce domaine, et \u00e0 mettre en place des m\u00e9canismes de suivi et d\u2019\u00e9valuation lors de l\u2019\u00e9laboration des projets.<\/p>\n<p>M. Kassi-Lahlou a aussi pr\u00e9cis\u00e9 que conform\u00e9ment aux Hautes Orientations Royales et \u00e0 la nouvelle vision bas\u00e9e sur le d\u00e9veloppement du capital humain, l\u2019INDH a, en collaboration avec l\u2019ensemble de ses partenaires (autorit\u00e9s publiques, instances \u00e9lues, organisations internationales et soci\u00e9t\u00e9 civile), programm\u00e9 la r\u00e9alisation de plusieurs projets et pris une s\u00e9rie de mesures visant \u00e0 renforcer le capital humain des g\u00e9n\u00e9rations montantes.<\/p>\n<p>Il s\u2019agit, a-t-il expliqu\u00e9, de la g\u00e9n\u00e9ralisation d\u2019un enseignement pr\u00e9scolaire de qualit\u00e9 en milieu rural, et de la mise en place d\u2019un dispositif de sant\u00e9 communautaire, \u00e0 travers l\u2019\u00e9quipement des \u00e9tablissements de sant\u00e9 en mat\u00e9riels m\u00e9dical et param\u00e9dical, l\u2019am\u00e9lioration des services dispens\u00e9s au niveau des \u00ab\u00a0Dour Al Omouma\u00a0\u00bb et l\u2019activation progressive des Relais communautaires, outre l\u2019organisation de campagnes de sensibilisation pour mettre en \u00e9vidence le d\u00e9veloppement de la petite enfance et contribuer \u00e0 l\u2019\u00e9volution des comportements.<\/p>\n<p>Il a, en conclusion, appel\u00e9 \u00e0 la f\u00e9d\u00e9ration des efforts et au renforcement constant de l\u2019action commune pour oeuvrer au d\u00e9veloppement de la petite enfance et garantir, ainsi, aux g\u00e9n\u00e9rations montantes un avenir prosp\u00e8re sous la conduite \u00e9clair\u00e9e de SM le Roi Mohammed VI.<\/p>\n<p>Par la suite, l\u2019assistance a suivi la pr\u00e9sentation d\u2019un expos\u00e9 sur la petite enfance, ax\u00e9 essentiellement sur la strat\u00e9gie de l\u2019INDH dans sa 3\u00e8me phase (2019-2023), notamment dans son volet concernant la promotion du capital humain et des g\u00e9n\u00e9rations montantes et ce, via la programmation de projets et d\u2019activit\u00e9s concernant la sant\u00e9 de la m\u00e8re et de l\u2019enfant, la contribution \u00e0 la lutte contre la malnutrition chez les enfants, et l\u2019appui \u00e0 la g\u00e9n\u00e9ralisation de l\u2019enseignement pr\u00e9scolaire dans le monde rural.<\/p>\n<p>Cette rencontre, qui s\u2019est d\u00e9roul\u00e9e en pr\u00e9sence des repr\u00e9sentants des autorit\u00e9s locales et des services d\u00e9concentr\u00e9s, des \u00e9lus, des acteurs de la soci\u00e9t\u00e9 civile et des pr\u00e9sidents des comit\u00e9s locaux de d\u00e9veloppement humain, a \u00e9t\u00e9 aussi marqu\u00e9e par la projection d\u2019un court film documentaire et d\u2019une vid\u00e9o promotionnelle sur l\u2019importance de l\u2019investissement dans le capital humain et la sensibilisation quant \u00e0 l\u2019imp\u00e9ratif du d\u00e9veloppement de la petite enfance.<\/p>\n<p>Par ailleurs, cette r\u00e9union a offert l\u2019occasion aux diff\u00e9rents intervenants pour souligner la n\u00e9cessit\u00e9 de trouver des solutions efficaces aux probl\u00e9matiques entravant le d\u00e9veloppement de la petite enfance et de promouvoir des initiatives qui lui sont proprement d\u00e9di\u00e9es, tout en insistant sur la pertinence de l\u2019accompagnement de la femme enceinte et de la nutrition de la m\u00e8re et de l\u2019enfant, ainsi que sur les multiples et diverses techniques de d\u00e9veloppement de la petite enfance.<\/p>\n<p>Tout en relevant que cette phase de la vie de l\u2019enfant est tr\u00e8s cruciale en ce sens qu\u2019elle offre d\u2019immenses opportunit\u00e9s qui doivent \u00eatre bien exploit\u00e9es pour r\u00e9ussir \u00e0 relever le d\u00e9fi du d\u00e9veloppement \u00e9quilibr\u00e9 de la petite enfance, ils ont \u00e9galement mis l\u2019accent sur l\u2019importance de favoriser l\u2019\u00e9ducation parentale, le soutien \u00e0 l\u2019\u00e9ducation stimulante et pr\u00e9coce des enfants et la g\u00e9n\u00e9ralisation de l\u2019acc\u00e8s \u00e0 un enseignement pr\u00e9scolaire de qualit\u00e9.<\/p>\n<p>Au terme de cette rencontre, le Wali de la r\u00e9gion et la d\u00e9l\u00e9gation l\u2019accompagnant ont visit\u00e9 une unit\u00e9 d\u00e9di\u00e9e \u00e0 l\u2019enseignement pr\u00e9scolaire \u00e0 \u00ab\u00a0Douar El Karia\u00a0\u00bb dans la commune de S\u00e2ada, cr\u00e9\u00e9e dans le cadre de l\u2019INDH, sachant que le Comit\u00e9 Pr\u00e9fectoral de D\u00e9veloppement Humain (CPDH) de la pr\u00e9fecture de Marrakech a approuv\u00e9, au titre de 2019, la cr\u00e9ation de 49 unit\u00e9s d\u2019enseignement pr\u00e9scolaire en milieu rural devant profiter \u00e0 930 gar\u00e7ons et filles dans l\u2019attente de sa g\u00e9n\u00e9ralisation \u00e0 l\u2019horizon 2023.<\/p>\n<p>Lors de ce d\u00e9placement, M. Kassi-Lahlou a proc\u00e9d\u00e9 \u00e0 la remise d\u2019un lot de lunettes de correction au profit de plusieurs enfants et ce, dans le cadre de la mise en oeuvre d\u2019un projet valid\u00e9 par le CPDH de la pr\u00e9fecture de Marrakech au titre de l\u2019ann\u00e9e 2019, portant sur l\u2019acquisition de 250 paires de lunettes de correction et de 50 appareils auditifs.<\/p>\n<\/div>\n<p>Auteur: Meriem IGASS<br \/>\n<a href=\"http:\/\/www.mapmarrakech.ma\/fr\/enfance\/\">Cliquez ici pour lire l&rsquo;article depuis sa source.<\/a><\/p>\n","protected":false},"excerpt":{"rendered":"<p>Marrakech \u2013 Une rencontre de sensibilisation et de communication autour de l\u2019importance du d\u00e9veloppement de la petite enfance, en tant qu\u2019\u00e9tape cruciale dans le d\u00e9veloppement et l\u2019\u00e9panouissement de l\u2019individu \u00e0 m\u00eame de lui garantir un avenir prometteur, a \u00e9t\u00e9 organis\u00e9e, lundi au si\u00e8ge de la wilaya de la r\u00e9gion de Marrakech-Safi. Plac\u00e9e sous le th\u00e8me [&hellip;]<\/p>\n","protected":false},"author":1788,"featured_media":0,"comment_status":"closed","ping_status":"closed","sticky":false,"template":"","format":"standard","meta":{"fifu_image_url":"","fifu_image_alt":"","footnotes":""},"categories":[54,76],"tags":[],"class_list":["post-66480","post","type-post","status-publish","format-standard","hentry","category-maroc","category-regions"],"_links":{"self":[{"href":"https:\/\/linitiative.ca\/International\/wp-json\/wp\/v2\/posts\/66480","targetHints":{"allow":["GET"]}}],"collection":[{"href":"https:\/\/linitiative.ca\/International\/wp-json\/wp\/v2\/posts"}],"about":[{"href":"https:\/\/linitiative.ca\/International\/wp-json\/wp\/v2\/types\/post"}],"author":[{"embeddable":true,"href":"https:\/\/linitiative.ca\/International\/wp-json\/wp\/v2\/users\/1788"}],"replies":[{"embeddable":true,"href":"https:\/\/linitiative.ca\/International\/wp-json\/wp\/v2\/comments?post=66480"}],"version-history":[{"count":0,"href":"https:\/\/linitiative.ca\/International\/wp-json\/wp\/v2\/posts\/66480\/revisions"}],"wp:attachment":[{"href":"https:\/\/linitiative.ca\/International\/wp-json\/wp\/v2\/media?parent=66480"}],"wp:term":[{"taxonomy":"category","embeddable":true,"href":"https:\/\/linitiative.ca\/International\/wp-json\/wp\/v2\/categories?post=66480"},{"taxonomy":"post_tag","embeddable":true,"href":"https:\/\/linitiative.ca\/International\/wp-json\/wp\/v2\/tags?post=66480"}],"curies":[{"name":"wp","href":"https:\/\/api.w.org\/{rel}","templated":true}]}}