{"id":66485,"date":"2019-11-04T12:56:38","date_gmt":"2019-11-04T17:56:38","guid":{"rendered":"https:\/\/linitiative.ca\/International\/chlef-une-poissonnerie-de-vente-en-gros-au-port-de-peche-de-tenes\/"},"modified":"2019-11-04T12:56:38","modified_gmt":"2019-11-04T17:56:38","slug":"chlef-une-poissonnerie-de-vente-en-gros-au-port-de-peche-de-tenes","status":"publish","type":"post","link":"https:\/\/linitiative.ca\/International\/chlef-une-poissonnerie-de-vente-en-gros-au-port-de-peche-de-tenes\/","title":{"rendered":"Chlef : une poissonnerie de vente en gros au port de p\u00eache de T\u00e9n\u00e9s"},"content":{"rendered":"<div readability=\"39\">\n<p><strong>CHLEF &#8211; Une poissonnerie de vente en gros des produits de la mer a \u00e9t\u00e9 ouverte, derni\u00e8rement, au niveau du port de p\u00eache de T\u00e9n\u00e9s (56 km au Nord du chef lieu de wilaya de Chlef), a-t-on appris, lundi, aupr\u00e8s de la direction de la p\u00eache et des ressources halieutiques de la wilaya.<\/strong><\/p>\n<\/div>\n<div readability=\"101.724068071\">\n<p>\u00ab\u00a0La mise en service de cette hall aux poissons, \u00e0 l\u2019occasion des festivit\u00e9s de comm\u00e9moration du 1 novembre 1954, est de nature \u00e0 contribuer \u00e0 l\u2019organisation des op\u00e9rations de vente en gros des produits de la mer, dans un cadre l\u00e9gal, tout en r\u00e9duisant la sp\u00e9culation sur eux\u00a0\u00bb, a indiqu\u00e9 \u00e0 l\u2019APS, le directeur du secteur, Abed Abderrahmane.<\/p>\n<p>\u00ab\u00a0La structure a b\u00e9n\u00e9fici\u00e9 d\u2019une op\u00e9ration de r\u00e9habilitation, suite \u00e0 sa fermeture depuis 2013, \u00e0 cause d\u2019un conflit juridique entre l\u2019entreprise de gestion des ports et l\u2019operateur priv\u00e9 en charge de sa gestion \u00bb, a expliqu\u00e9 le m\u00eame responsable.<\/p>\n<p>Cette action de r\u00e9habilitation \u00ab\u00a0a \u00e9t\u00e9 r\u00e9alis\u00e9 en conformit\u00e9 avec les normes en vigueur en mati\u00e8re de vente de poissons et de sa conservation\u00a0\u00bb, , a-t-il ajout\u00e9, signalant notamment la r\u00e9alisation de chambres froides et de production de glace, \u00ab\u00a0en vue d\u2019assurer les meilleures conditions de conservation du poisson, garantes de son arriv\u00e9e dans le meilleur \u00e9tat possible jusqu\u2019au consommateur\u00a0\u00bb, a assur\u00e9 M.Abed.<\/p>\n<p>Le responsable a soulign\u00e9 , en outre, la contribution attendue de cette structure dans l\u2019 \u00ab\u00a0organisation des op\u00e9rations de vente du poissons dans un cadre l\u00e9gal et des conditions saines, loin de toute sp\u00e9culation\u00a0\u00bb, a-t-il dit, et \u00ab\u00a0\u00e0 des prix adapt\u00e9s au pouvoir d\u2019achat des citoyens\u00a0\u00bb, a-t-il soutenu.<\/p>\n<hr\/>\n<p><em><strong>Lire aussi:\u00a0<a href=\"http:\/\/www.aps.dz\/economie\/95755-production-aquacole-en-algerie-une-croissance-de-plus-de-20-a-la-fin-2019\">Production aquacole en Alg\u00e9rie: une croissance de plus de 20% \u00e0 la fin 2019<\/a><\/strong><\/em><\/p>\n<hr\/>\n<p>Selon M. Abed, les ventes au niveau de cette poissonnerie sont effectu\u00e9es en trois p\u00e9riodes. La p\u00e9riode de nuit r\u00e9serv\u00e9e \u00e0 la vente de la sardine, et les p\u00e9riodes du matin et du soir pour le poisson blanc.<\/p>\n<p>Il a fait part, en outre, de la \u00ab\u00a0possibilit\u00e9 de renforcement de cette structure, \u00e0 l\u2019avenir, avec une unit\u00e9 de nettoyage des caisses de poissons en en plastique, qui vont remplacer les caisses en bois\u00a0\u00bb, a-t-il fait savoir.<\/p>\n<p>Une op\u00e9ration est, \u00e9galement, en pr\u00e9paration en vue de \u00ab\u00a0l\u2019\u00e9quipement et am\u00e9nagement de la poissonnerie de gros du port d\u2019El Marsa, attendue \u00e0 la mise en service prochainement\u00a0\u00bb, a inform\u00e9 M.Abed, soulignant sa contribution attendue dans l\u2019animation des actions de commercialisation de la ressource piscicole \u00e0 Chlef.<\/p>\n<p>En 2018 une capture globale de pr\u00e9s de 6000 tonnes de poissons a \u00e9t\u00e9 r\u00e9alis\u00e9e au niveau des ports de p\u00eache de la wilaya de Chlef, contre une prise de pr\u00e9s de 4.000 tonnes enregistr\u00e9e depuis le d\u00e9but de cette ann\u00e9e 2019, \u00e0 octobre dernier.<\/p>\n<\/div>\n<p>Auteur:<br \/>\n<a href=\"http:\/\/www.aps.dz\/regions\/96922-chlef-une-poissonnerie-de-vente-en-gros-au-port-de-peche-de-tenes\">Cliquez ici pour lire l&rsquo;article depuis sa source.<\/a><\/p>\n","protected":false},"excerpt":{"rendered":"<p>CHLEF &#8211; Une poissonnerie de vente en gros des produits de la mer a \u00e9t\u00e9 ouverte, derni\u00e8rement, au niveau du port de p\u00eache de T\u00e9n\u00e9s (56 km au Nord du chef lieu de wilaya de Chlef), a-t-on appris, lundi, aupr\u00e8s de la direction de la p\u00eache et des ressources halieutiques de la wilaya. \u00ab\u00a0La mise [&hellip;]<\/p>\n","protected":false},"author":1790,"featured_media":0,"comment_status":"closed","ping_status":"closed","sticky":false,"template":"","format":"standard","meta":{"fifu_image_url":"","fifu_image_alt":"","footnotes":""},"categories":[53,76],"tags":[],"class_list":["post-66485","post","type-post","status-publish","format-standard","hentry","category-algerie","category-regions"],"_links":{"self":[{"href":"https:\/\/linitiative.ca\/International\/wp-json\/wp\/v2\/posts\/66485","targetHints":{"allow":["GET"]}}],"collection":[{"href":"https:\/\/linitiative.ca\/International\/wp-json\/wp\/v2\/posts"}],"about":[{"href":"https:\/\/linitiative.ca\/International\/wp-json\/wp\/v2\/types\/post"}],"author":[{"embeddable":true,"href":"https:\/\/linitiative.ca\/International\/wp-json\/wp\/v2\/users\/1790"}],"replies":[{"embeddable":true,"href":"https:\/\/linitiative.ca\/International\/wp-json\/wp\/v2\/comments?post=66485"}],"version-history":[{"count":0,"href":"https:\/\/linitiative.ca\/International\/wp-json\/wp\/v2\/posts\/66485\/revisions"}],"wp:attachment":[{"href":"https:\/\/linitiative.ca\/International\/wp-json\/wp\/v2\/media?parent=66485"}],"wp:term":[{"taxonomy":"category","embeddable":true,"href":"https:\/\/linitiative.ca\/International\/wp-json\/wp\/v2\/categories?post=66485"},{"taxonomy":"post_tag","embeddable":true,"href":"https:\/\/linitiative.ca\/International\/wp-json\/wp\/v2\/tags?post=66485"}],"curies":[{"name":"wp","href":"https:\/\/api.w.org\/{rel}","templated":true}]}}