{"id":66486,"date":"2019-11-03T15:19:32","date_gmt":"2019-11-03T20:19:32","guid":{"rendered":"https:\/\/linitiative.ca\/International\/la-rsb-en-phase-de-poules-aux-depens-du-fosa-juniors-5-0\/"},"modified":"2019-11-03T15:19:32","modified_gmt":"2019-11-03T20:19:32","slug":"la-rsb-en-phase-de-poules-aux-depens-du-fosa-juniors-5-0","status":"publish","type":"post","link":"https:\/\/linitiative.ca\/International\/la-rsb-en-phase-de-poules-aux-depens-du-fosa-juniors-5-0\/","title":{"rendered":"La RSB en phase de poules aux d\u00e9pens du Fosa Juniors (5-0)"},"content":{"rendered":"<div class=\"single-featured\"><img alt=\"\" data-src=\"http:\/\/www.mapoujda.ma\/map\/uploads\/2019\/05\/\u0646\u0647\u0636\u0629-\u0628\u0631\u0643\u0627\u0646-\u0643\u0623\u0633-\u0627\u0644\u0643\u0627\u0641.jpg\"\/><\/div>\n<div class=\"entry-content clearfix single-post-content\" readability=\"49\">\n<p class=\"c1\">La Renaissance de Berkane a valid\u00e9 son billet pour la phase de poules de la Coupe de la Conf\u00e9d\u00e9ration africaine de football (CAF), apr\u00e8s sa large victoire (5-0) face au club malgache Fosa Juniors, lors du match retour comptant pour le second tour pr\u00e9liminaire disput\u00e9 dimanche soir au stade municipal de Berkane.<\/p>\n<p class=\"c1\">D\u00e8s la 8\u00e8 minute du jeu, Alain Traor\u00e9 a ouvert le score pour les Berkanis avant de doubler la mise 20 minutes plus tard. Son co\u00e9quipier Mohamed Aziz a \u00e9galement sign\u00e9 un doubl\u00e9 \u00e0 la 36\u00e8 et \u00e0 une minute de la pause.<\/p>\n<p class=\"c1\">En seconde p\u00e9riode, les hommes de Tarik Sektioui vont enfoncer le clou gr\u00e2ce \u00e0 un cinqui\u00e8me but de Hamdi Laachir qui scelle d\u00e9finitivement la victoire des siens.<\/p>\n<p class=\"c1\">Lors du match aller, la Renaissance de Berkane s\u2019\u00e9tait inclin\u00e9e (0-2).<\/p>\n<\/div>\n<p>Auteur: Soufiane ELAHMAR<br \/>\n<a href=\"http:\/\/www.mapoujda.ma\/fr\/la-rsb-en-phase-de-poules-aux-depens-du-fosa-juniors-5-0\/\">Cliquez ici pour lire l&rsquo;article depuis sa source.<\/a><\/p>\n","protected":false},"excerpt":{"rendered":"<p>La Renaissance de Berkane a valid\u00e9 son billet pour la phase de poules de la Coupe de la Conf\u00e9d\u00e9ration africaine de football (CAF), apr\u00e8s sa large victoire (5-0) face au club malgache Fosa Juniors, lors du match retour comptant pour le second tour pr\u00e9liminaire disput\u00e9 dimanche soir au stade municipal de Berkane. D\u00e8s la 8\u00e8 [&hellip;]<\/p>\n","protected":false},"author":1788,"featured_media":66487,"comment_status":"closed","ping_status":"closed","sticky":false,"template":"","format":"standard","meta":{"fifu_image_url":"","fifu_image_alt":"","footnotes":""},"categories":[54,76],"tags":[],"class_list":["post-66486","post","type-post","status-publish","format-standard","has-post-thumbnail","hentry","category-maroc","category-regions"],"_links":{"self":[{"href":"https:\/\/linitiative.ca\/International\/wp-json\/wp\/v2\/posts\/66486","targetHints":{"allow":["GET"]}}],"collection":[{"href":"https:\/\/linitiative.ca\/International\/wp-json\/wp\/v2\/posts"}],"about":[{"href":"https:\/\/linitiative.ca\/International\/wp-json\/wp\/v2\/types\/post"}],"author":[{"embeddable":true,"href":"https:\/\/linitiative.ca\/International\/wp-json\/wp\/v2\/users\/1788"}],"replies":[{"embeddable":true,"href":"https:\/\/linitiative.ca\/International\/wp-json\/wp\/v2\/comments?post=66486"}],"version-history":[{"count":0,"href":"https:\/\/linitiative.ca\/International\/wp-json\/wp\/v2\/posts\/66486\/revisions"}],"wp:featuredmedia":[{"embeddable":true,"href":"https:\/\/linitiative.ca\/International\/wp-json\/"}],"wp:attachment":[{"href":"https:\/\/linitiative.ca\/International\/wp-json\/wp\/v2\/media?parent=66486"}],"wp:term":[{"taxonomy":"category","embeddable":true,"href":"https:\/\/linitiative.ca\/International\/wp-json\/wp\/v2\/categories?post=66486"},{"taxonomy":"post_tag","embeddable":true,"href":"https:\/\/linitiative.ca\/International\/wp-json\/wp\/v2\/tags?post=66486"}],"curies":[{"name":"wp","href":"https:\/\/api.w.org\/{rel}","templated":true}]}}