{"id":66488,"date":"2019-11-04T14:20:21","date_gmt":"2019-11-04T19:20:21","guid":{"rendered":"https:\/\/linitiative.ca\/International\/madagh-capitale-mondiale-du-soufisme-du-6-au-10-novembre\/"},"modified":"2019-11-04T14:20:21","modified_gmt":"2019-11-04T19:20:21","slug":"madagh-capitale-mondiale-du-soufisme-du-6-au-10-novembre","status":"publish","type":"post","link":"https:\/\/linitiative.ca\/International\/madagh-capitale-mondiale-du-soufisme-du-6-au-10-novembre\/","title":{"rendered":"Madagh capitale mondiale du soufisme du 6 au 10 novembre"},"content":{"rendered":"<p class=\"c1\">La Tariqa Qadiriya Boutchichiya et la fondation Al Moultaqa organisent, du 6 au 10 novembre courant \u00e0 Madagh dans la province de Berkane, la 14\u00e8me \u00e9dition de la Rencontre mondiale du soufisme.<\/p>\n<p class=\"c1\">Cette ann\u00e9e, le comit\u00e9 d\u2019organisation a choisi de concentrer la Rencontre sur le th\u00e8me \u2019\u2019Soufisme et d\u00e9veloppement, la dimension spirituelle et l\u2019\u00e9dification de l\u2019Homme\u2019\u2019.<\/p>\n<p class=\"c1\">\u2019\u2019Ce th\u00e8me nous appara\u00eet une question particuli\u00e8rement importante dans le contexte mondial actuel\u2019\u2019, soulignent les organisateurs dans une note de pr\u00e9sentation de cette \u00e9dition, mettant l\u2019accent sur leur ambition de contribuer \u00e0 la prise en compte de l\u2019aspect spirituel dans la probl\u00e9matique du d\u00e9veloppement.<\/p>\n<p class=\"c1\">\u2019\u2019Nous sommes convaincus que les efforts en ce sens doivent \u00eatre guid\u00e9s par une vision globale qui replace l\u2019Homme, et en particulier son c\u0153ur responsable de ses actes, au centre des projets de d\u00e9veloppement\u2019\u2019, ajoutent-ils.<\/p>\n<p class=\"c1\">Plusieurs activit\u00e9s et conf\u00e9rences figurent au programme de cette \u00e9dition qui verra la participation d\u2019une pl\u00e9iade d\u2019universitaires, de chercheurs, d\u2019intellectuels et de sp\u00e9cialistes venant du Maroc et de l\u2019\u00e9tranger pour partager leurs r\u00e9flexions et propositions concernant la dimension spirituelle et la place de l\u2019Homme dans les strat\u00e9gies de d\u00e9veloppement des soci\u00e9t\u00e9s.<\/p>\n<p class=\"c1\">Parmi les axes qui seront d\u00e9velopp\u00e9s il y a lieu de citer \u2018\u2019Soufisme et d\u00e9veloppement : les aspects th\u00e9oriques\u2019\u2019, \u2018\u2019Le d\u00e9veloppement en Islam\u2019\u2019, \u2018\u2019Soufisme et d\u00e9veloppement : fondements et principes\u2019\u2019, \u2018\u2019L\u2019humain dans le d\u00e9veloppement durable\u2019\u2019, \u2018\u2019Soufisme et d\u00e9veloppement \u00e9conomique, et social\u2019\u2019, \u2018\u2019Soufisme et famille : les d\u00e9fis de l\u2019enfance et de la jeunesse\u2019\u2019, et \u2018\u2019Soufisme et d\u00e9veloppement de l\u2019espace : le mod\u00e8le du d\u00e9veloppement r\u00e9gional \u00e9largi au Maroc\u2019\u2019, \u2018\u2019Soufisme et citoyennet\u00e9\u2019\u2019 et \u2018\u2019Soufisme et capital immat\u00e9riel : nouvel horizon de d\u00e9veloppement\u2019\u2019.<\/p>\n<p class=\"c1\">Les interventions porteront aussi sur \u2018\u2019Le soufisme et le d\u00e9veloppement \u00e9conomique en Afrique\u2019\u2019, \u2018\u2019Les valeurs chevaleresques dans la soci\u00e9t\u00e9\u2019\u2019, \u2018\u2019Les dispositifs d\u2019\u00e9ducation spirituelle et \u00e9thique au sein des Zawiyas\u2019\u2019, \u2018\u2019Le soufisme et le d\u00e9veloppement mondial\u00a0\u00bb, \u00ab\u00a0L\u2019aspect moral et spirituel dans la r\u00e9solution des conflits\u2019\u2019 et \u2018\u2019D\u00e9veloppement et religions : Un horizon pour le dialogue et la coop\u00e9ration\u2019\u2019.<\/p>\n<p class=\"c1\">Les Rencontres Mondiales du Soufisme ont pour objectif de faire conna\u00eetre les vertus du soufisme au public et de r\u00e9v\u00e9ler la dimension int\u00e9rieure et spirituelle de l\u2019Islam.<\/p>\n<p>Auteur: Soufiane ELAHMAR<br \/>\n<a href=\"http:\/\/www.mapoujda.ma\/fr\/madagh-capitale-mondiale-du-soufisme-du-6-au-10-novembre\/\">Cliquez ici pour lire l&rsquo;article depuis sa source.<\/a><\/p>\n","protected":false},"excerpt":{"rendered":"<p>La Tariqa Qadiriya Boutchichiya et la fondation Al Moultaqa organisent, du 6 au 10 novembre courant \u00e0 Madagh dans la province de Berkane, la 14\u00e8me \u00e9dition de la Rencontre mondiale du soufisme. Cette ann\u00e9e, le comit\u00e9 d\u2019organisation a choisi de concentrer la Rencontre sur le th\u00e8me \u2019\u2019Soufisme et d\u00e9veloppement, la dimension spirituelle et l\u2019\u00e9dification de [&hellip;]<\/p>\n","protected":false},"author":1788,"featured_media":0,"comment_status":"closed","ping_status":"closed","sticky":false,"template":"","format":"standard","meta":{"fifu_image_url":"","fifu_image_alt":"","footnotes":""},"categories":[54,76],"tags":[],"class_list":["post-66488","post","type-post","status-publish","format-standard","hentry","category-maroc","category-regions"],"_links":{"self":[{"href":"https:\/\/linitiative.ca\/International\/wp-json\/wp\/v2\/posts\/66488","targetHints":{"allow":["GET"]}}],"collection":[{"href":"https:\/\/linitiative.ca\/International\/wp-json\/wp\/v2\/posts"}],"about":[{"href":"https:\/\/linitiative.ca\/International\/wp-json\/wp\/v2\/types\/post"}],"author":[{"embeddable":true,"href":"https:\/\/linitiative.ca\/International\/wp-json\/wp\/v2\/users\/1788"}],"replies":[{"embeddable":true,"href":"https:\/\/linitiative.ca\/International\/wp-json\/wp\/v2\/comments?post=66488"}],"version-history":[{"count":0,"href":"https:\/\/linitiative.ca\/International\/wp-json\/wp\/v2\/posts\/66488\/revisions"}],"wp:attachment":[{"href":"https:\/\/linitiative.ca\/International\/wp-json\/wp\/v2\/media?parent=66488"}],"wp:term":[{"taxonomy":"category","embeddable":true,"href":"https:\/\/linitiative.ca\/International\/wp-json\/wp\/v2\/categories?post=66488"},{"taxonomy":"post_tag","embeddable":true,"href":"https:\/\/linitiative.ca\/International\/wp-json\/wp\/v2\/tags?post=66488"}],"curies":[{"name":"wp","href":"https:\/\/api.w.org\/{rel}","templated":true}]}}