{"id":66489,"date":"2019-11-04T15:15:31","date_gmt":"2019-11-04T20:15:31","guid":{"rendered":"https:\/\/linitiative.ca\/International\/agrement-a-la-nomination-des-nouveaux-ambassadeurs-dalgerie-au\/"},"modified":"2019-11-04T15:15:31","modified_gmt":"2019-11-04T20:15:31","slug":"agrement-a-la-nomination-des-nouveaux-ambassadeurs-dalgerie-au","status":"publish","type":"post","link":"https:\/\/linitiative.ca\/International\/agrement-a-la-nomination-des-nouveaux-ambassadeurs-dalgerie-au\/","title":{"rendered":"Agr\u00e9ment \u00e0 la nomination des nouveaux ambassadeurs d\u2019Alg\u00e9rie au &#8230;"},"content":{"rendered":"<p><strong>Niger\u2026\u00a0\u00a0<\/strong><br \/>Le gouvernement de la R\u00e9publique nig\u00e9rienne a\u00a0 donn\u00e9 son agr\u00e9ment \u00e0 la nomination de M. Ali Derouiche, en qualit\u00e9 d&rsquo;ambassadeur extraordinaire et pl\u00e9nipotentiaire de la R\u00e9publique alg\u00e9rienne d\u00e9mocratique et populaire aupr\u00e8s de la R\u00e9publique du Niger.<\/p>\n<p><strong>\u00a0\u2026 au Portugal\u2026<\/strong><br \/>Le gouvernement portugais a donn\u00e9 son agr\u00e9ment \u00e0 la nomination de M. Abdelmadjid Naamoun, en qualit\u00e9 d&rsquo;ambassadeur extraordinaire et pl\u00e9nipotentiaire de la R\u00e9publique alg\u00e9rienne d\u00e9mocratique\u00a0 et populaire aupr\u00e8s de la R\u00e9publique du Portugal.<\/p>\n<p><strong>\u00a0\u2026 au Mozambique\u2026<\/strong><br \/>Le gouvernement mozambicain a donn\u00e9 son agr\u00e9ment \u00e0 la nomination de M. Mohamed Meziane, en qualit\u00e9 d&rsquo;ambassadeur extraordinaire et pl\u00e9nipotentiaire de la R\u00e9publique alg\u00e9rienne d\u00e9mocratique\u00a0 et populaire aupr\u00e8s de la R\u00e9publique du Mozambique.<\/p>\n<p><strong>\u00a0\u2026 en France\u2026<\/strong><br \/>Le gouvernement fran\u00e7ais a donn\u00e9 son agr\u00e9ment \u00e0 la nomination de M. Salah Lebdioui, en qualit\u00e9 d&rsquo;ambassadeur extraordinaire et pl\u00e9nipotentiaire de la R\u00e9publique alg\u00e9rienne d\u00e9mocratique et populaire\u00a0 aupr\u00e8s de la R\u00e9publique fran\u00e7aise.<\/p>\n<p><strong>\u00a0\u2026 au Bangladesh\u2026<\/strong><br \/>Le gouvernement bangladais a donn\u00e9 son agr\u00e9ment \u00e0 la nomination de M. Rabah Larbi, en qualit\u00e9 d&rsquo;ambassadeur extraordinaire et pl\u00e9nipotentiaire de la R\u00e9publique alg\u00e9rienne d\u00e9mocratique et populaire\u00a0 aupr\u00e8s de la R\u00e9publique populaire du Bangladesh.<\/p>\n<p><strong>\u2026 et aux \u00e9mirats arabes unis\u00a0\u00a0<\/strong><br \/>Le gouvernement \u00e9mirati a donn\u00e9 son agr\u00e9ment \u00e0 la nomination de M. Abdelkrim Touahria, en qualit\u00e9 d&rsquo;ambassadeur extraordinaire et pl\u00e9nipotentiaire de la R\u00e9publique alg\u00e9rienne d\u00e9mocratique et populaire aupr\u00e8s des Emirats arabes unis.<\/p>\n<p>Auteur: elmoudjahid<br \/>\n<a href=\"http:\/\/www.elmoudjahid.com\/fr\/actualites\/144059\">Cliquez ici pour lire l&rsquo;article depuis sa source.<\/a><\/p>\n","protected":false},"excerpt":{"rendered":"<p>Niger\u2026\u00a0\u00a0Le gouvernement de la R\u00e9publique nig\u00e9rienne a\u00a0 donn\u00e9 son agr\u00e9ment \u00e0 la nomination de M. Ali Derouiche, en qualit\u00e9 d&rsquo;ambassadeur extraordinaire et pl\u00e9nipotentiaire de la R\u00e9publique alg\u00e9rienne d\u00e9mocratique et populaire aupr\u00e8s de la R\u00e9publique du Niger. \u00a0\u2026 au Portugal\u2026Le gouvernement portugais a donn\u00e9 son agr\u00e9ment \u00e0 la nomination de M. Abdelmadjid Naamoun, en qualit\u00e9 d&rsquo;ambassadeur [&hellip;]<\/p>\n","protected":false},"author":1744,"featured_media":0,"comment_status":"closed","ping_status":"closed","sticky":false,"template":"","format":"standard","meta":{"fifu_image_url":"","fifu_image_alt":"","footnotes":""},"categories":[73,53],"tags":[],"class_list":["post-66489","post","type-post","status-publish","format-standard","hentry","category-actualite","category-algerie"],"_links":{"self":[{"href":"https:\/\/linitiative.ca\/International\/wp-json\/wp\/v2\/posts\/66489","targetHints":{"allow":["GET"]}}],"collection":[{"href":"https:\/\/linitiative.ca\/International\/wp-json\/wp\/v2\/posts"}],"about":[{"href":"https:\/\/linitiative.ca\/International\/wp-json\/wp\/v2\/types\/post"}],"author":[{"embeddable":true,"href":"https:\/\/linitiative.ca\/International\/wp-json\/wp\/v2\/users\/1744"}],"replies":[{"embeddable":true,"href":"https:\/\/linitiative.ca\/International\/wp-json\/wp\/v2\/comments?post=66489"}],"version-history":[{"count":0,"href":"https:\/\/linitiative.ca\/International\/wp-json\/wp\/v2\/posts\/66489\/revisions"}],"wp:attachment":[{"href":"https:\/\/linitiative.ca\/International\/wp-json\/wp\/v2\/media?parent=66489"}],"wp:term":[{"taxonomy":"category","embeddable":true,"href":"https:\/\/linitiative.ca\/International\/wp-json\/wp\/v2\/categories?post=66489"},{"taxonomy":"post_tag","embeddable":true,"href":"https:\/\/linitiative.ca\/International\/wp-json\/wp\/v2\/tags?post=66489"}],"curies":[{"name":"wp","href":"https:\/\/api.w.org\/{rel}","templated":true}]}}