{"id":66490,"date":"2019-11-04T15:15:33","date_gmt":"2019-11-04T20:15:33","guid":{"rendered":"https:\/\/linitiative.ca\/International\/dilapidation-de-deniers-publics-khalida-toumi-en-detention-provisoire\/"},"modified":"2019-11-04T15:15:33","modified_gmt":"2019-11-04T20:15:33","slug":"dilapidation-de-deniers-publics-khalida-toumi-en-detention-provisoire","status":"publish","type":"post","link":"https:\/\/linitiative.ca\/International\/dilapidation-de-deniers-publics-khalida-toumi-en-detention-provisoire\/","title":{"rendered":"Dilapidation de deniers publics : Khalida Toumi en d\u00e9tention provisoire"},"content":{"rendered":"<p>L&rsquo;ancienne ministre de la Culture, Khalida Toumi, a comparu, hier, devant le Conseiller enqu\u00eateur pr\u00e8s la Cour supr\u00eame, dans une affaire de dilapidation de deniers publics, lors de la manifestation \u00abTlemcen, capitale de la culture islamique\u00bb, organis\u00e9e en 2011, a-t-on appris aupr\u00e8s de cette juridiction. Outre Khalida Toumi, sont poursuivis \u00e9galement dans cette affaire, l&rsquo;ancien coordinateur g\u00e9n\u00e9ral des manifestations au minist\u00e8re de la Culture, Belblidia Abdelhamid, et l&rsquo;ancien directeur de la culture de la wilaya de Tlemcen, Miloud Hakim.<br \/>Khalida Toumi a \u00e9t\u00e9 plac\u00e9e en d\u00e9tention provisoire \u00e0 la prison d\u2019El-Harrach, a annonc\u00e9 la t\u00e9l\u00e9vision nationale.<\/p>\n<p>Auteur: elmoudjahid<br \/>\n<a href=\"http:\/\/www.elmoudjahid.com\/fr\/actualites\/144060\">Cliquez ici pour lire l&rsquo;article depuis sa source.<\/a><\/p>\n","protected":false},"excerpt":{"rendered":"<p>L&rsquo;ancienne ministre de la Culture, Khalida Toumi, a comparu, hier, devant le Conseiller enqu\u00eateur pr\u00e8s la Cour supr\u00eame, dans une affaire de dilapidation de deniers publics, lors de la manifestation \u00abTlemcen, capitale de la culture islamique\u00bb, organis\u00e9e en 2011, a-t-on appris aupr\u00e8s de cette juridiction. Outre Khalida Toumi, sont poursuivis \u00e9galement dans cette affaire, l&rsquo;ancien [&hellip;]<\/p>\n","protected":false},"author":1744,"featured_media":0,"comment_status":"closed","ping_status":"closed","sticky":false,"template":"","format":"standard","meta":{"fifu_image_url":"","fifu_image_alt":"","footnotes":""},"categories":[73,53],"tags":[],"class_list":["post-66490","post","type-post","status-publish","format-standard","hentry","category-actualite","category-algerie"],"_links":{"self":[{"href":"https:\/\/linitiative.ca\/International\/wp-json\/wp\/v2\/posts\/66490","targetHints":{"allow":["GET"]}}],"collection":[{"href":"https:\/\/linitiative.ca\/International\/wp-json\/wp\/v2\/posts"}],"about":[{"href":"https:\/\/linitiative.ca\/International\/wp-json\/wp\/v2\/types\/post"}],"author":[{"embeddable":true,"href":"https:\/\/linitiative.ca\/International\/wp-json\/wp\/v2\/users\/1744"}],"replies":[{"embeddable":true,"href":"https:\/\/linitiative.ca\/International\/wp-json\/wp\/v2\/comments?post=66490"}],"version-history":[{"count":0,"href":"https:\/\/linitiative.ca\/International\/wp-json\/wp\/v2\/posts\/66490\/revisions"}],"wp:attachment":[{"href":"https:\/\/linitiative.ca\/International\/wp-json\/wp\/v2\/media?parent=66490"}],"wp:term":[{"taxonomy":"category","embeddable":true,"href":"https:\/\/linitiative.ca\/International\/wp-json\/wp\/v2\/categories?post=66490"},{"taxonomy":"post_tag","embeddable":true,"href":"https:\/\/linitiative.ca\/International\/wp-json\/wp\/v2\/tags?post=66490"}],"curies":[{"name":"wp","href":"https:\/\/api.w.org\/{rel}","templated":true}]}}