{"id":66492,"date":"2019-11-04T15:15:37","date_gmt":"2019-11-04T20:15:37","guid":{"rendered":"https:\/\/linitiative.ca\/International\/installation-des-commissaires-detat-et-de-presidents-de-tribunaux-administratifs-ameliorer-laction-judiciaire\/"},"modified":"2019-11-04T15:15:37","modified_gmt":"2019-11-04T20:15:37","slug":"installation-des-commissaires-detat-et-de-presidents-de-tribunaux-administratifs-ameliorer-laction-judiciaire","status":"publish","type":"post","link":"https:\/\/linitiative.ca\/International\/installation-des-commissaires-detat-et-de-presidents-de-tribunaux-administratifs-ameliorer-laction-judiciaire\/","title":{"rendered":"Installation des commissaires d\u2019\u00e9tat et de pr\u00e9sidents de tribunaux administratifs :  Am\u00e9liorer l\u2019action judiciaire"},"content":{"rendered":"<p>La conjoncture que conna\u00eet actuellement le pays \u00abexige des efforts effectifs pour am\u00e9liorer l\u2019action judiciaire et rapprocher la justice du citoyen\u00bb, a consid\u00e9r\u00e9, dimanche, Moussa Boussouf, pr\u00e9sident de chambre au Conseil d\u2019\u00c9tat, repr\u00e9sentant du ministre de la Justice, garde des Sceaux, lors de l\u2019installation du commissaire d\u2019\u00c9tat et du pr\u00e9sident du tribunal administratif de Guelma. \u00abIl faut \u0153uvrer avec abn\u00e9gation et sinc\u00e9rit\u00e9 pour rapprocher la justice du citoyen et sensibiliser les magistrats administratifs \u00e0 leur r\u00f4le important dans le contr\u00f4le de la l\u00e9galit\u00e9, et la protection des droits et libert\u00e9s\u00bb, a ajout\u00e9 le m\u00eame responsable, lors de l\u2019installation de Mme Souad Djoudi dans ses fonctions de pr\u00e9sidente du tribunal administratif et Amel-Eddine Ouled Meriem dans ses fonctions de commissaire d\u2019\u00c9tat au m\u00eame tribunal. Le magistrat administratif, a-t-il ajout\u00e9, doit agir constamment dans l\u2019int\u00e9r\u00eat g\u00e9n\u00e9ral, notamment en cette conjoncture que traverse le pays qui exige la conjugaison des efforts de tous sans exception, a soulign\u00e9 l\u2019intervenant en relevant que la sp\u00e9cificit\u00e9 du r\u00f4le de ce magistrat qui a de larges pr\u00e9rogatives pour assurer l\u2019aboutissement de la plainte et r\u00e9soudre les conflits conform\u00e9ment \u00e0 la loi et la jurisprudence.<br \/>De son c\u00f4t\u00e9, la nouvelle pr\u00e9sidente du tribunal administratif, Mme Souad Djoudi, a affirm\u00e9 \u00e0 l\u2019APS, en marge de la c\u00e9r\u00e9monie, qu\u2019elle \u0153uvrera \u00e0 servir le citoyen et l\u2019\u00c9tat et Amel-Eddine Ouled Meriem, le nouveau commissaire d\u2019\u00c9tat au m\u00eame tribunal, a d\u00e9clar\u00e9 qu\u2019il agira de sorte \u00e0 \u00eatre la hauteur des attentes, quelle que soit la difficult\u00e9 de la responsabilit\u00e9.<br \/>La c\u00e9r\u00e9monie d\u2019installation s\u2019est d\u00e9roul\u00e9e en pr\u00e9sence du pr\u00e9sident et procureur g\u00e9n\u00e9ral de la Cour, de magistrats, de pr\u00e9sidents de chambres \u00e0 la Cour supr\u00eame et au Conseil d\u2019\u00c9tat, et des repr\u00e9sentants des avocats et huissiers de justice.<\/p>\n<p><strong>Ouverture du tribunal administratif d\u2019El-Bayadh<\/strong><\/p>\n<p>Le tribunal administratif d&rsquo;El-Bayadh a \u00e9t\u00e9 ouvert, dimanche, et son pr\u00e9sident, Medres Benziane, a \u00e9t\u00e9 install\u00e9, de m\u00eame que Lakhdari Abdelkader au poste de commissaire d\u2019\u00c9tat pr\u00e8s le tribunal. Chiboub Felah Djelloul, pr\u00e9sident de la chambre au Conseil d\u2019\u00c9tat, qui a pr\u00e9sid\u00e9 cette c\u00e9r\u00e9monie repr\u00e9sentant le ministre de la Justice, garde des Sceaux, a indiqu\u00e9 que cette installation entre dans le cadre du mouvement op\u00e9r\u00e9 par le chef de l\u2019\u00c9tat sur le corps des pr\u00e9sidents de tribunaux administratifs et commissaires d\u2019\u00c9tat. \u00abLe mouvement dans les postes de qualit\u00e9 au sein du secteur de la Justice, \u00e0 l\u2019instar d&rsquo;autres institutions de l\u2019\u00c9tat, a pour objectif de concr\u00e9tiser des plans et programmes nationaux\u00bb, a-t-il soulign\u00e9.<br \/>Le m\u00eame responsable a appel\u00e9 les repr\u00e9sentants de l&rsquo;appareil judiciaire \u00e0 fournir davantage d&rsquo;efforts pour imposer la force de la loi en application, avec int\u00e9grit\u00e9 et objectivit\u00e9, des directives du ministre de la Justice, garde des Sceaux. Le procureur g\u00e9n\u00e9ral pr\u00e8s la cour d\u2019El-Bayadh, Gouasmia Farid, a soulign\u00e9, en marge de cette c\u00e9r\u00e9monie, que cet \u00e9tablissement judiciaire dont a b\u00e9n\u00e9fici\u00e9 la wilaya d\u2019El-Bayadh vient renforcer les juridictions dans le cadre du rapprochement du citoyen de la justice. Ce tribunal devra rendre un grand service \u00e0 l\u2019Administration et aux justiciables, surtout leur \u00e9pargnant les d\u00e9placements vers le tribunal administratif de la wilaya de Sa\u00efda. La c\u00e9r\u00e9monie d\u2019ouverture du tribunal administratif et l\u2019installation de son pr\u00e9sident et de son commissaire d\u2019\u00c9tat s\u2019est d\u00e9roul\u00e9e en pr\u00e9sence du corps judiciaire de la wilaya, du wali Kamel Touchene et des autorit\u00e9s civiles et militaires. Le nouveau commissaire d&rsquo;\u00c9tat pr\u00e8s le tribunal administratif de Tlemcen, Benaouda Nasreddine, a \u00e9t\u00e9 install\u00e9, hier, en remplacement d\u2019Aliouche Farouk, affect\u00e9 au m\u00eame poste dans la wilaya de Sidi Bel-Abb\u00e8s. L&rsquo;installation s\u2019inscrit dans le cadre du mouvement op\u00e9r\u00e9 par le chef de l\u2019\u00c9tat dans le corps des pr\u00e9sidents des tribunaux administratifs et commissaires d\u2019\u00c9tat pr\u00e8s les tribunaux administratifs, a soulign\u00e9 le commissaire au Conseil d\u2019\u00c9tat, Mohamed Bennacer, repr\u00e9sentant le ministre de la Justice, garde des Sceaux, lors de la c\u00e9r\u00e9monie d\u2019installation, qui s\u2019est d\u00e9roul\u00e9e en pr\u00e9sence du wali de Tlemcen, Ali Benyaiche, et des autorit\u00e9s civiles et militaires de la wilaya. Le mouvement est op\u00e9r\u00e9 sur des postes de qualit\u00e9 au sein du secteur de la Justice, \u00e0 l\u2019instar des autres institutions de l\u2019\u00c9tat en charge de concr\u00e9tiser des programmes nationaux, a-t-il d\u00e9clar\u00e9.<br \/>Il a, en outre, appel\u00e9 les pr\u00e9sidents des tribunaux administratifs et le corps judiciaire \u00e0 poursuivre leurs efforts afin de consacrer davantage la loi et son application avec int\u00e9grit\u00e9 et objectivit\u00e9, et \u00e0 \u0153uvrer pour l\u2019am\u00e9lioration des prestations au profit des citoyens. Benaouda Nasreddine, le nouveau commissaire d\u2019\u00c9tat pr\u00e8s le tribunal administratif de Tlemcen, a int\u00e9gr\u00e9 le secteur de la Justice, en 1999, en occupant plusieurs postes en tant que juge au tribunal de Miliana, procureur de la R\u00e9publique adjoint \u00e0 Chlef, procureur de la R\u00e9publique \u00e0 T\u00e9n\u00e8s et \u00e0 El-Attaf, avant d\u2019occuper le poste de procureur g\u00e9n\u00e9ral adjoint \u00e0 Relizane.<\/p>\n<p>Auteur: elmoudjahid<br \/>\n<a href=\"http:\/\/www.elmoudjahid.com\/fr\/actualites\/144062\">Cliquez ici pour lire l&rsquo;article depuis sa source.<\/a><\/p>\n","protected":false},"excerpt":{"rendered":"<p>La conjoncture que conna\u00eet actuellement le pays \u00abexige des efforts effectifs pour am\u00e9liorer l\u2019action judiciaire et rapprocher la justice du citoyen\u00bb, a consid\u00e9r\u00e9, dimanche, Moussa Boussouf, pr\u00e9sident de chambre au Conseil d\u2019\u00c9tat, repr\u00e9sentant du ministre de la Justice, garde des Sceaux, lors de l\u2019installation du commissaire d\u2019\u00c9tat et du pr\u00e9sident du tribunal administratif de Guelma. [&hellip;]<\/p>\n","protected":false},"author":1744,"featured_media":0,"comment_status":"closed","ping_status":"closed","sticky":false,"template":"","format":"standard","meta":{"fifu_image_url":"","fifu_image_alt":"","footnotes":""},"categories":[73,53],"tags":[],"class_list":["post-66492","post","type-post","status-publish","format-standard","hentry","category-actualite","category-algerie"],"_links":{"self":[{"href":"https:\/\/linitiative.ca\/International\/wp-json\/wp\/v2\/posts\/66492","targetHints":{"allow":["GET"]}}],"collection":[{"href":"https:\/\/linitiative.ca\/International\/wp-json\/wp\/v2\/posts"}],"about":[{"href":"https:\/\/linitiative.ca\/International\/wp-json\/wp\/v2\/types\/post"}],"author":[{"embeddable":true,"href":"https:\/\/linitiative.ca\/International\/wp-json\/wp\/v2\/users\/1744"}],"replies":[{"embeddable":true,"href":"https:\/\/linitiative.ca\/International\/wp-json\/wp\/v2\/comments?post=66492"}],"version-history":[{"count":0,"href":"https:\/\/linitiative.ca\/International\/wp-json\/wp\/v2\/posts\/66492\/revisions"}],"wp:attachment":[{"href":"https:\/\/linitiative.ca\/International\/wp-json\/wp\/v2\/media?parent=66492"}],"wp:term":[{"taxonomy":"category","embeddable":true,"href":"https:\/\/linitiative.ca\/International\/wp-json\/wp\/v2\/categories?post=66492"},{"taxonomy":"post_tag","embeddable":true,"href":"https:\/\/linitiative.ca\/International\/wp-json\/wp\/v2\/tags?post=66492"}],"curies":[{"name":"wp","href":"https:\/\/api.w.org\/{rel}","templated":true}]}}