{"id":66493,"date":"2019-11-04T15:15:39","date_gmt":"2019-11-04T20:15:39","guid":{"rendered":"https:\/\/linitiative.ca\/International\/environnement-finalisation-de-tous-les-programmes-proposes\/"},"modified":"2019-11-04T15:15:39","modified_gmt":"2019-11-04T20:15:39","slug":"environnement-finalisation-de-tous-les-programmes-proposes","status":"publish","type":"post","link":"https:\/\/linitiative.ca\/International\/environnement-finalisation-de-tous-les-programmes-proposes\/","title":{"rendered":"Environnement :  Finalisation de tous les programmes propos\u00e9s"},"content":{"rendered":"<p>La ministre de l&rsquo;Environnement et des Energies renouvelables, Fatima-Zohra Zerouati a fait \u00e9tat, dimanche \u00e0 Alger, de la finalisation de l&rsquo;inscription de tous les programmes propos\u00e9s par les wilayas et de l&rsquo;entame des proc\u00e9dures administratives aux fins de leur concr\u00e9tisation. Auditionn\u00e9e par les membres de la Commission des finances et du budget de l&rsquo;Assembl\u00e9e populaire nationale (APN) lors d&rsquo;une s\u00e9ance consacr\u00e9e au d\u00e9bat des mesures et des dispositions contenues dans le Projet de loi de finances de l&rsquo;ann\u00e9e 2020 (PLF 2020) concernant son secteur, la ministre a indiqu\u00e9 qu&rsquo;au vu des sollicitations qui parviennent au minist\u00e8re de la part des jeunes int\u00e9ress\u00e9s par l&rsquo;investissement dans le domaine du recyclage, il a \u00e9t\u00e9 d\u00e9cid\u00e9 de les accompagner, d\u00e8s la semaine prochaine, par les Directions de l&rsquo;environnement de wilayas pour concr\u00e9tiser leurs projets. Pour ce faire, poursuit le ministre, une journ\u00e9e d&rsquo;information et d&rsquo;encadrement, sera organis\u00e9e fin novembre courant, par des experts et sp\u00e9cialistes au profit des porteurs de projets d&rsquo;investissement dans le domaine de l&rsquo;environnement et du recyclage. Revenant sur le PLF 2020, Mme Zerouati a pr\u00e9cis\u00e9 qu&rsquo;il \u00able secteur \u00e9tait oblig\u00e9 de s&rsquo;adapter \u00e0 la situation \u00e9conomique et financi\u00e8re actuelle du pays lors de l&rsquo;\u00e9laboration du budget pour l&rsquo;exercice prochain et qui s&rsquo;est focalis\u00e9 sur un ensemble d&rsquo;\u00e9l\u00e9ments fondamentaux, dont la rationalisation de l&rsquo;utilisation des ressources, avec une pr\u00e9servation de la dynamique du d\u00e9veloppement, \u00e0 travers le parach\u00e8vement des programme en cours de r\u00e9alisation et la rationalisation des d\u00e9penses. S&rsquo;agissant du budget de fonctionnement du secteur pour l&rsquo;exercice 2020, le montant s&rsquo;\u00e9l\u00e8ve, selon la ministre, \u00e0 2.108.00.297 DA, dont 776.513.000 DA allou\u00e9s \u00e0 l&rsquo;administration centrale, tandis que 1.332.414.000 DA ont \u00e9t\u00e9 allou\u00e9s aux services d\u00e9centralis\u00e9s. Quant \u00e0 la r\u00e9partition du budget \u00e9quipement, le programme d\u00e9centralis\u00e9 a b\u00e9n\u00e9fici\u00e9 d&rsquo;un montant avoisinant 546 millions de DA pour 12 projets englobant 12 wilayas concernant la r\u00e9alisation de projets portant dans l&rsquo;ensemble sur l\u2019\u00e9quipement et la r\u00e9alisation de d\u00e9charges contr\u00f4l\u00e9es, de maisons de l\u2019environnement et des centres d\u2019enfouissement technique (CET). Pour ce qui est du financement \u00e0 partir du compte d\u2019affectation sp\u00e9ciale, la Premi\u00e8re responsable du secteur a fait savoir que pour l\u2019ann\u00e9e 2020, 67 projets propos\u00e9s ont \u00e9t\u00e9 inscrits pour un montant s\u2019\u00e9levant \u00e0 13,1 milliards de DA portant sur la gestion des d\u00e9chets, les changements climatiques, la diversification biologique, le littoral, la surveillance de l\u2019environnement, la sensibilisation, la formation, en sus de l\u2019environnement industriel. Quant aux taxes sur l&rsquo;environnement, la ministre a fait savoir que certaines avaient \u00e9t\u00e9 revues \u00e0 la hausse, telles que la taxe sur les activit\u00e9s polluantes et dangereuses (augment\u00e9e de 100%), la taxe d&rsquo;incitation au non stockage des d\u00e9chets issus de soins (h\u00f4pitaux et des cliniques), assurant que cette augmentation, applicable aux \u00e9tablissements class\u00e9s comme polluant, n&rsquo;affecte pas le citoyen. Evoquant les diff\u00e9rents accords de partenariat conclus avec les autres secteurs, Mme Zerouati a fait \u00e9tat d&rsquo;un accord avec l&rsquo;Education nationale visant \u00e0 instaurer une \u00e9ducation environnementale et de d\u00e9veloppement durable en milieu scolaire, un accord pour lequel a \u00e9t\u00e9 allou\u00e9e une enveloppe de 1,6 milliard DA pour doter, dans une premi\u00e8re phase, 2.500 clubs d&rsquo;environnement d&rsquo;ordinateurs et d&rsquo;appareils audiovisuels, en attendant d&rsquo;\u00e9quiper le reste des clubs. Outre l&rsquo;accord de partenariat avec le minist\u00e8re de la Communication pour la formation de 720 journalistes dans l&rsquo;environnement et les \u00e9nergies renouvelables, la ministre a rappel\u00e9 l&rsquo;accord cosign\u00e9 avec le minist\u00e8re de la Justice en vue d&rsquo;int\u00e9grer la dimension environnementale dans la politique de r\u00e9insertion des prisonniers en les orientant vers les m\u00e9tiers verts, ou encore l&rsquo;accord conclu avec le Haut conseil de la langue arabe (HCLA) et le Haut commissariat \u00e0 l&rsquo;amazighit\u00e9 (HCA) pour pr\u00e9parer un glossaire sp\u00e9cial formant le jargon de l&rsquo;environnement et des \u00e9nergies renouvelables. Plusieurs m\u00e9canismes d&rsquo;intervention dans la politique adopt\u00e9e par le minist\u00e8re ont \u00e9t\u00e9, par ailleurs, \u00e9voqu\u00e9s lors du d\u00e9bat, notamment ceux relatifs \u00e0 la mise en place de nouveaux projets portant prise en charge des d\u00e9chets (industriels en particulier), vu le danger qu&rsquo;ils encourent sur la sant\u00e9 publique.<\/p>\n<p>Auteur: elmoudjahid<br \/>\n<a href=\"http:\/\/www.elmoudjahid.com\/fr\/actualites\/144063\">Cliquez ici pour lire l&rsquo;article depuis sa source.<\/a><\/p>\n","protected":false},"excerpt":{"rendered":"<p>La ministre de l&rsquo;Environnement et des Energies renouvelables, Fatima-Zohra Zerouati a fait \u00e9tat, dimanche \u00e0 Alger, de la finalisation de l&rsquo;inscription de tous les programmes propos\u00e9s par les wilayas et de l&rsquo;entame des proc\u00e9dures administratives aux fins de leur concr\u00e9tisation. Auditionn\u00e9e par les membres de la Commission des finances et du budget de l&rsquo;Assembl\u00e9e populaire [&hellip;]<\/p>\n","protected":false},"author":1744,"featured_media":0,"comment_status":"closed","ping_status":"closed","sticky":false,"template":"","format":"standard","meta":{"fifu_image_url":"","fifu_image_alt":"","footnotes":""},"categories":[73,53],"tags":[],"class_list":["post-66493","post","type-post","status-publish","format-standard","hentry","category-actualite","category-algerie"],"_links":{"self":[{"href":"https:\/\/linitiative.ca\/International\/wp-json\/wp\/v2\/posts\/66493","targetHints":{"allow":["GET"]}}],"collection":[{"href":"https:\/\/linitiative.ca\/International\/wp-json\/wp\/v2\/posts"}],"about":[{"href":"https:\/\/linitiative.ca\/International\/wp-json\/wp\/v2\/types\/post"}],"author":[{"embeddable":true,"href":"https:\/\/linitiative.ca\/International\/wp-json\/wp\/v2\/users\/1744"}],"replies":[{"embeddable":true,"href":"https:\/\/linitiative.ca\/International\/wp-json\/wp\/v2\/comments?post=66493"}],"version-history":[{"count":0,"href":"https:\/\/linitiative.ca\/International\/wp-json\/wp\/v2\/posts\/66493\/revisions"}],"wp:attachment":[{"href":"https:\/\/linitiative.ca\/International\/wp-json\/wp\/v2\/media?parent=66493"}],"wp:term":[{"taxonomy":"category","embeddable":true,"href":"https:\/\/linitiative.ca\/International\/wp-json\/wp\/v2\/categories?post=66493"},{"taxonomy":"post_tag","embeddable":true,"href":"https:\/\/linitiative.ca\/International\/wp-json\/wp\/v2\/tags?post=66493"}],"curies":[{"name":"wp","href":"https:\/\/api.w.org\/{rel}","templated":true}]}}