{"id":66496,"date":"2019-11-04T15:15:44","date_gmt":"2019-11-04T20:15:44","guid":{"rendered":"https:\/\/linitiative.ca\/International\/international-decouverte-boutoutaou-ma-mere-est-marocaine-mais-mon-choix-est-pour-lalgerie\/"},"modified":"2019-11-04T15:15:44","modified_gmt":"2019-11-04T20:15:44","slug":"international-decouverte-boutoutaou-ma-mere-est-marocaine-mais-mon-choix-est-pour-lalgerie","status":"publish","type":"post","link":"https:\/\/linitiative.ca\/International\/international-decouverte-boutoutaou-ma-mere-est-marocaine-mais-mon-choix-est-pour-lalgerie\/","title":{"rendered":"International : D\u00e9couverte: Boutoutaou \u00abMa m\u00e8re est marocaine mais mon choix est pour l\u2019Alg\u00e9rie\u00bb"},"content":{"rendered":"<div readability=\"32\">\n<p>Auteur : <span>Moumen Ait Kaci Ali<\/span> <span class=\"time\">lundi 04 novembre 2019 12:28<\/span><\/p>\n<\/div>\n<div id=\"post_core\" readability=\"138\">\n<p>Consid\u00e9r\u00e9 comme un jeune prometteur \u00e0 Valenciennes FC, Aymen Boutoutaou l\u2019annonce d\u00e8s son jeune \u00e2ge : \u00abJe ne jouerai que pour l\u2019Alg\u00e9rie\u00bb. Ce milieu offensif de 18ans, de p\u00e8re alg\u00e9rien et de m\u00e8re marocaine, avait l\u2019opportunit\u00e9 de jouer pour les Lions de l\u2019Atlas et m\u00eame pour l\u2019\u00c9quipe de France surtout si sa carri\u00e8re prendrait une autre dimension internationale, mais l\u2019originaire de Tidjelabine de la wilaya de Boumerd\u00e8s nous explique les raisons qui l\u2019ont pouss\u00e9 \u00e0 opter pour le pays de son papa. Entretien :<\/p>\n<p><strong>\u00a0Tout d\u2019abord pr\u00e9sentez-vous aux lecteurs du Buteur\u2026.<\/strong><\/p>\n<p>Voil\u00e0, je m\u2019appelle Aymen Boutoutaou, je suis n\u00e9 le 18 f\u00e9vrier 2001 \u00e0 Lille, j\u2019ai 18ans, et j\u2019habite \u00e0 Roubaix dans le nord. J\u2019\u00e9volue en ce moment avec la r\u00e9serve de Valenciennes FC o\u00f9 je suis arriv\u00e9 depuis l\u2019\u00e2ge de 14 ans.<\/p>\n<p><strong>Vous \u00eates d\u2019origine alg\u00e9rienne ?<\/strong><\/p>\n<p>Oui, en plus d\u2019\u00eatre un binational, je suis d\u2019origine alg\u00e9rienne et marocaine aussi car mon papa est alg\u00e9rien et ma m\u00e8re est marocaine.<\/p>\n<p><strong>Que connaissez-vous de l\u2019Alg\u00e9rie ?<\/strong><\/p>\n<p>Tout ce qui m\u2019attache \u00e0 mon pays d\u2019origine je le connais. Je suis originaire de Tidjelabine du c\u00f4t\u00e9 de la wilaya de Boumerd\u00e8s. J\u2019ai encore mes oncles et plusieurs membres de la famille qui sont l\u00e0-bas.<\/p>\n<p><strong>Vous avez l\u2019habitude de venir en Alg\u00e9rie. Est-ce que vos cousins vous parlent de votre pays ?<\/strong><\/p>\n<p>\u00a0Oui, bien s\u00fbr, comme je viens de le dire je suis tr\u00e8s attach\u00e9 \u00e0 mes origines, et je suis venu d\u00e9j\u00e0 avec ma famille en Alg\u00e9rie. Apr\u00e8s, \u00e0 chaque fois que je suis au Bled \u00e0 Boumerd\u00e8s, on me parle tout le temps de l\u2019\u00c9quipe nationale et du devoir de choisir la s\u00e9lection de mon pays.<\/p>\n<p><strong>Et avez-vous fait votre choix ?<\/strong><\/p>\n<p>Depuis tout jeune, bien s\u00fbr. Vous savez, dans ma t\u00eate c\u2019est l\u2019Alg\u00e9rie ou rien. Je suis encore jeune, j\u2019ai tout l\u2019avenir devant moi dans un club de Ligue 2\u00a0 mais je ne changerai jamais. C\u2019est d\u00e9cid\u00e9, mon c\u0153ur bat pour l\u2019Alg\u00e9rie.<\/p>\n<p><strong>Mais vous avez aussi l\u2019opportunit\u00e9 de jouer pour le Maroc et m\u00eame peut-\u00eatre la France ?<\/strong><\/p>\n<p>\u00a0Je le sais, et croyez-moi, je ne sais pas comment vous l\u2019expliquer mais c\u2019est une sensation forte, mon attachement pour l\u2019Alg\u00e9rie est tr\u00e8s grand. Pour moi, le choix ne se pose m\u00eame pas, je ne jouerai que pour l\u2019Alg\u00e9rie. J\u2019ai de la famille l\u00e0-bas, et j\u2019imagine la fiert\u00e9 de mes cousins de me voir porter les couleurs de l\u2019\u00c9quipe nationale.<\/p>\n<p><strong>\u00cates-vous pr\u00eat \u00e0 rejoindre la s\u00e9lection jeune des moins de 19 ans par exemple ?<\/strong><\/p>\n<p>\u00a0Bien s\u00fbr et tout de suite, je suis pr\u00eat \u00e0 rejoindre la s\u00e9lection dans n\u2019importe quelle cat\u00e9gorie. Je veux repr\u00e9senter mon pays, et rendre fiers mes proches et ma famille l\u00e0-bas en Alg\u00e9rie. C\u2019est tr\u00e8s important pour moi. Vous avez suivi le sacre de l\u2019Alg\u00e9rie en \u00c9gypte.<\/p>\n<p><strong>Comment vous les avez trouv\u00e9s ?<\/strong><\/p>\n<p>\u00a0J\u2019ai suivi avec beaucoup d\u2019\u00e9motions le parcours de l\u2019Alg\u00e9rie \u00e0 la CAN 2019. Franchement on \u00e9tait fiers de ce sacre. On a \u00e9t\u00e9 les meilleurs du d\u00e9but jusqu\u2019\u00e0 la fin, sinc\u00e8rement les joueurs m\u00e9ritent ce triomphe car ils ont \u00e9t\u00e9 des hommes sur le terrain.<\/p>\n<p><strong>Cette cons\u00e9cration vous a donn\u00e9 l\u2019envie de jouer pour l\u2019Alg\u00e9rie, n\u2019est-ce pas ?<\/strong><\/p>\n<p>Pas que cela ! Lorsqu\u2019on regarde Mahrez, Feghouli, Brahimi, et les autres joueurs dans une aussi grande ambiance et avec cette envie de tout donner, on pense directement \u00e0 faire comme eux et opter pour la s\u00e9lection de notre pays d\u2019origine. Oui, on ne peut pas le cacher, une cons\u00e9cration comme la CAN booste tout le monde \u00e0 penser \u00e0 jouer pour l\u2019Alg\u00e9rie. Pour moi c\u2019est un r\u00eave parce que repr\u00e9senter l\u2019Alg\u00e9rie c\u2019est une fiert\u00e9 \u00e9norme.<\/p>\n<p><strong>\u00c0 18 ans, avez-vous d\u00e9j\u00e0 \u00e9volu\u00e9 en \u00e9quipe professionnelle ?<\/strong><\/p>\n<p>\u00a0J\u2019ai commenc\u00e9 la pr\u00e9paration avec le groupe professionnel. Je suis un milieu offensif et je peux aussi jouer sur tout le flanc de l\u2019attaque. Je joue r\u00e9guli\u00e8rement avec le VAFC et j\u2019ai des chances de revenir en \u00e9quipe pro inch\u2019Allah. Le plus important pour moi, c\u2019est de ne pas br\u00fbler les \u00e9tapes et bien gravir les \u00e9chelons.<\/p>\n<p><strong>Entretien r\u00e9alis\u00e9 par Moumen A\u00eft Kaci Ali<\/strong><\/p>\n<p><strong>Publi\u00e9 dans :<\/strong> <span>djamel belmadi<\/span> <span>Aymen Boutoutaou<\/span><\/p>\n<\/div>\n<p>Auteur:<br \/>\n<a href=\"http:\/\/www.lebuteur.com\/article\/detail?titre=decouverte-boutoutaou-ma-mere-est-marocaine-mais-mon-choix-est-pour-lalgerie&#038;id=92739&#038;utm_source=feedburner&#038;utm_medium=feed&#038;utm_campaign=Feed%3A+GalerieFArtciles+%28Les+derniers+articles++-+lebuteur.com%29\">Cliquez ici pour lire l&rsquo;article depuis sa source.<\/a><\/p>\n","protected":false},"excerpt":{"rendered":"<p>Auteur : Moumen Ait Kaci Ali lundi 04 novembre 2019 12:28 Consid\u00e9r\u00e9 comme un jeune prometteur \u00e0 Valenciennes FC, Aymen Boutoutaou l\u2019annonce d\u00e8s son jeune \u00e2ge : \u00abJe ne jouerai que pour l\u2019Alg\u00e9rie\u00bb. Ce milieu offensif de 18ans, de p\u00e8re alg\u00e9rien et de m\u00e8re marocaine, avait l\u2019opportunit\u00e9 de jouer pour les Lions de l\u2019Atlas et [&hellip;]<\/p>\n","protected":false},"author":1738,"featured_media":66497,"comment_status":"closed","ping_status":"closed","sticky":false,"template":"","format":"standard","meta":{"fifu_image_url":"","fifu_image_alt":"","footnotes":""},"categories":[53,75],"tags":[],"class_list":["post-66496","post","type-post","status-publish","format-standard","has-post-thumbnail","hentry","category-algerie","category-sport"],"_links":{"self":[{"href":"https:\/\/linitiative.ca\/International\/wp-json\/wp\/v2\/posts\/66496","targetHints":{"allow":["GET"]}}],"collection":[{"href":"https:\/\/linitiative.ca\/International\/wp-json\/wp\/v2\/posts"}],"about":[{"href":"https:\/\/linitiative.ca\/International\/wp-json\/wp\/v2\/types\/post"}],"author":[{"embeddable":true,"href":"https:\/\/linitiative.ca\/International\/wp-json\/wp\/v2\/users\/1738"}],"replies":[{"embeddable":true,"href":"https:\/\/linitiative.ca\/International\/wp-json\/wp\/v2\/comments?post=66496"}],"version-history":[{"count":0,"href":"https:\/\/linitiative.ca\/International\/wp-json\/wp\/v2\/posts\/66496\/revisions"}],"wp:featuredmedia":[{"embeddable":true,"href":"https:\/\/linitiative.ca\/International\/wp-json\/"}],"wp:attachment":[{"href":"https:\/\/linitiative.ca\/International\/wp-json\/wp\/v2\/media?parent=66496"}],"wp:term":[{"taxonomy":"category","embeddable":true,"href":"https:\/\/linitiative.ca\/International\/wp-json\/wp\/v2\/categories?post=66496"},{"taxonomy":"post_tag","embeddable":true,"href":"https:\/\/linitiative.ca\/International\/wp-json\/wp\/v2\/tags?post=66496"}],"curies":[{"name":"wp","href":"https:\/\/api.w.org\/{rel}","templated":true}]}}