{"id":66498,"date":"2019-11-04T15:15:46","date_gmt":"2019-11-04T20:15:46","guid":{"rendered":"https:\/\/linitiative.ca\/International\/pros-atal-dans-lequipe-type-de-la-12eme-journee-de-la-ligue-1-conforama\/"},"modified":"2019-11-04T15:15:46","modified_gmt":"2019-11-04T20:15:46","slug":"pros-atal-dans-lequipe-type-de-la-12eme-journee-de-la-ligue-1-conforama","status":"publish","type":"post","link":"https:\/\/linitiative.ca\/International\/pros-atal-dans-lequipe-type-de-la-12eme-journee-de-la-ligue-1-conforama\/","title":{"rendered":"Pros : Atal dans l\u2019\u00e9quipe-type de la 12\u00e8me journ\u00e9e de la Ligue 1 Conforama"},"content":{"rendered":"<div readability=\"32\">\n<p>Auteur : <span>Riad O.<\/span> <span class=\"time\">lundi 04 novembre 2019 15:00<\/span><\/p>\n<\/div>\n<div id=\"post_core\" readability=\"37\">\n<p>Le lat\u00e9ral Alg\u00e9rien de l\u2019OGC Nice, Youcef Atal a \u00e9t\u00e9 choisi dans l\u2019\u00e9quipe-type de la 12\u00e8me journ\u00e9e de la Ligue 1 Conforama \u00e9tablie par le quotidien sportif fran\u00e7ais, l\u2019Equipe. Le joueur de l\u2019EN a livr\u00e9 une bonne prestation lors de pr\u00e9c\u00e9dente journ\u00e9e du championnat face \u00e0 Reims (2-0).<\/p>\n<p><img decoding=\"async\" alt=\"\" src=\"https:\/\/pbs.twimg.com\/media\/EIgm-CnXkAA7bn7.jpg\" class=\"c1\"\/><\/p>\n<p><strong>Publi\u00e9 dans :<\/strong> <span>Atal<\/span><\/p>\n<\/div>\n<p>Auteur:<br \/>\n<a href=\"http:\/\/www.lebuteur.com\/article\/detail?titre=atal-dans-lequipe-type-de-la-12eme-journee-de-la-ligue-1-conforama&#038;id=92740&#038;utm_source=feedburner&#038;utm_medium=feed&#038;utm_campaign=Feed%3A+GalerieFArtciles+%28Les+derniers+articles++-+lebuteur.com%29\">Cliquez ici pour lire l&rsquo;article depuis sa source.<\/a><\/p>\n","protected":false},"excerpt":{"rendered":"<p>Auteur : Riad O. lundi 04 novembre 2019 15:00 Le lat\u00e9ral Alg\u00e9rien de l\u2019OGC Nice, Youcef Atal a \u00e9t\u00e9 choisi dans l\u2019\u00e9quipe-type de la 12\u00e8me journ\u00e9e de la Ligue 1 Conforama \u00e9tablie par le quotidien sportif fran\u00e7ais, l\u2019Equipe. Le joueur de l\u2019EN a livr\u00e9 une bonne prestation lors de pr\u00e9c\u00e9dente journ\u00e9e du championnat face \u00e0 [&hellip;]<\/p>\n","protected":false},"author":1738,"featured_media":66499,"comment_status":"closed","ping_status":"closed","sticky":false,"template":"","format":"standard","meta":{"fifu_image_url":"","fifu_image_alt":"","footnotes":""},"categories":[53,75],"tags":[],"class_list":["post-66498","post","type-post","status-publish","format-standard","has-post-thumbnail","hentry","category-algerie","category-sport"],"_links":{"self":[{"href":"https:\/\/linitiative.ca\/International\/wp-json\/wp\/v2\/posts\/66498","targetHints":{"allow":["GET"]}}],"collection":[{"href":"https:\/\/linitiative.ca\/International\/wp-json\/wp\/v2\/posts"}],"about":[{"href":"https:\/\/linitiative.ca\/International\/wp-json\/wp\/v2\/types\/post"}],"author":[{"embeddable":true,"href":"https:\/\/linitiative.ca\/International\/wp-json\/wp\/v2\/users\/1738"}],"replies":[{"embeddable":true,"href":"https:\/\/linitiative.ca\/International\/wp-json\/wp\/v2\/comments?post=66498"}],"version-history":[{"count":0,"href":"https:\/\/linitiative.ca\/International\/wp-json\/wp\/v2\/posts\/66498\/revisions"}],"wp:featuredmedia":[{"embeddable":true,"href":"https:\/\/linitiative.ca\/International\/wp-json\/"}],"wp:attachment":[{"href":"https:\/\/linitiative.ca\/International\/wp-json\/wp\/v2\/media?parent=66498"}],"wp:term":[{"taxonomy":"category","embeddable":true,"href":"https:\/\/linitiative.ca\/International\/wp-json\/wp\/v2\/categories?post=66498"},{"taxonomy":"post_tag","embeddable":true,"href":"https:\/\/linitiative.ca\/International\/wp-json\/wp\/v2\/tags?post=66498"}],"curies":[{"name":"wp","href":"https:\/\/api.w.org\/{rel}","templated":true}]}}