{"id":66500,"date":"2019-11-04T15:15:49","date_gmt":"2019-11-04T20:15:49","guid":{"rendered":"https:\/\/linitiative.ca\/International\/pros-fc-nantes-mehdi-abeid-est-passe-a-cote-contre-bordeaux\/"},"modified":"2019-11-04T15:15:49","modified_gmt":"2019-11-04T20:15:49","slug":"pros-fc-nantes-mehdi-abeid-est-passe-a-cote-contre-bordeaux","status":"publish","type":"post","link":"https:\/\/linitiative.ca\/International\/pros-fc-nantes-mehdi-abeid-est-passe-a-cote-contre-bordeaux\/","title":{"rendered":"Pros : FC Nantes: Mehdi Abeid est pass\u00e9 \u00e0 c\u00f4t\u00e9 contre Bordeaux"},"content":{"rendered":"<div readability=\"32\">\n<p>Auteur : <span>Riad O.<\/span> <span class=\"time\">lundi 04 novembre 2019 15:15<\/span><\/p>\n<\/div>\n<div id=\"post_core\" readability=\"40\">\n<p>Le joueur milieu de terrain Alg\u00e9rien du FC Nantes, Mehdi Abeid est pass\u00e9 \u00e0 cot\u00e9 de son sujet lors de la pr\u00e9c\u00e9dente rencontre de son team face aux Girondins de Bordeaux. Le milieu de terrain nantais, f\u00e9brile, a presque tout rat\u00e9 et n\u2019a pas pes\u00e9 sur la rencontre. L\u2019ancien joueur de Dijon a eu la mauvaise note de 3\/10 par le quotidien l\u2019Equipe.<\/p>\n<p><strong>Publi\u00e9 dans :<\/strong> <span>FC Nantes<\/span> <span>mehdi abeid<\/span><\/p>\n<\/div>\n<p>Auteur:<br \/>\n<a href=\"http:\/\/www.lebuteur.com\/article\/detail?titre=fc-nantes-mehdi-abeid-est-passe-a-cote-contre-bordeaux&#038;id=92741&#038;utm_source=feedburner&#038;utm_medium=feed&#038;utm_campaign=Feed%3A+GalerieFArtciles+%28Les+derniers+articles++-+lebuteur.com%29\">Cliquez ici pour lire l&rsquo;article depuis sa source.<\/a><\/p>\n","protected":false},"excerpt":{"rendered":"<p>Auteur : Riad O. lundi 04 novembre 2019 15:15 Le joueur milieu de terrain Alg\u00e9rien du FC Nantes, Mehdi Abeid est pass\u00e9 \u00e0 cot\u00e9 de son sujet lors de la pr\u00e9c\u00e9dente rencontre de son team face aux Girondins de Bordeaux. Le milieu de terrain nantais, f\u00e9brile, a presque tout rat\u00e9 et n\u2019a pas pes\u00e9 sur [&hellip;]<\/p>\n","protected":false},"author":1738,"featured_media":66501,"comment_status":"closed","ping_status":"closed","sticky":false,"template":"","format":"standard","meta":{"fifu_image_url":"","fifu_image_alt":"","footnotes":""},"categories":[53,75],"tags":[],"class_list":["post-66500","post","type-post","status-publish","format-standard","has-post-thumbnail","hentry","category-algerie","category-sport"],"_links":{"self":[{"href":"https:\/\/linitiative.ca\/International\/wp-json\/wp\/v2\/posts\/66500","targetHints":{"allow":["GET"]}}],"collection":[{"href":"https:\/\/linitiative.ca\/International\/wp-json\/wp\/v2\/posts"}],"about":[{"href":"https:\/\/linitiative.ca\/International\/wp-json\/wp\/v2\/types\/post"}],"author":[{"embeddable":true,"href":"https:\/\/linitiative.ca\/International\/wp-json\/wp\/v2\/users\/1738"}],"replies":[{"embeddable":true,"href":"https:\/\/linitiative.ca\/International\/wp-json\/wp\/v2\/comments?post=66500"}],"version-history":[{"count":0,"href":"https:\/\/linitiative.ca\/International\/wp-json\/wp\/v2\/posts\/66500\/revisions"}],"wp:featuredmedia":[{"embeddable":true,"href":"https:\/\/linitiative.ca\/International\/wp-json\/"}],"wp:attachment":[{"href":"https:\/\/linitiative.ca\/International\/wp-json\/wp\/v2\/media?parent=66500"}],"wp:term":[{"taxonomy":"category","embeddable":true,"href":"https:\/\/linitiative.ca\/International\/wp-json\/wp\/v2\/categories?post=66500"},{"taxonomy":"post_tag","embeddable":true,"href":"https:\/\/linitiative.ca\/International\/wp-json\/wp\/v2\/tags?post=66500"}],"curies":[{"name":"wp","href":"https:\/\/api.w.org\/{rel}","templated":true}]}}