{"id":66504,"date":"2019-11-04T06:53:25","date_gmt":"2019-11-04T11:53:25","guid":{"rendered":"https:\/\/linitiative.ca\/International\/96883-ligue-2-om-arzew-la-motivation-n-y-est-plus\/"},"modified":"2019-11-04T06:53:25","modified_gmt":"2019-11-04T11:53:25","slug":"96883-ligue-2-om-arzew-la-motivation-n-y-est-plus","status":"publish","type":"post","link":"https:\/\/linitiative.ca\/International\/96883-ligue-2-om-arzew-la-motivation-n-y-est-plus\/","title":{"rendered":"Ligue 2\/OM Arzew : \u00ab\u00a0La motivation n\u2019y est plus\u00a0\u00bb"},"content":{"rendered":"<div readability=\"36\">\n<p><strong>ORAN- L\u2019OM Arzew, promu cette saison en Ligue 2 de football, marque le pas depuis quelques temps au moment o\u00f9 son entraineur Hadj Merine lance un nouvel appel de d\u00e9tresse pour venir au secours de son \u00e9quipe \u00ab\u00a0\u00e9touff\u00e9e\u00a0\u00bb par la crise financi\u00e8re.<\/strong><\/p>\n<\/div>\n<div readability=\"85\">\n<p>\u00ab\u00a0Nous n\u2019arrivons plus, en tant que staff technique, \u00e0 motiver nos joueurs. Nous avons tant fait dans le travail psychologique, mais nous avons atteint maintenant une p\u00e9riode que ce travail ne paye d\u00e9sormais plus\u00bb, a d\u00e9clar\u00e9 lundi \u00e0 l\u2019APS le coach de la formation de la ville p\u00e9trochimique oranaise.<\/p>\n<p>L\u2019OMA a failli laisser des plumes, samedi pass\u00e9 \u00e0 domicile, face au RC Larba\u00e2 parvenant difficilement \u00e0 empocher un seul point (1-1), apr\u00e8s avoir \u00e9t\u00e9 battu sur le terrain de l\u2019O M\u00e9d\u00e9a lors du match d\u2019avant (1-0).<\/p>\n<p>Un v\u00e9ritable coup d\u2019arr\u00eat pour cette formation qui, apr\u00e8s avoir fait un d\u00e9but de saison laborieux, a r\u00e9ussi \u00e0 surprendre plus d\u2019un en s\u2019adjugeant une place sur le podium pendant quelques journ\u00e9es.<\/p>\n<p>\u00ab\u00a0Il ne se passe pas une semaine sans que les joueurs ne recourent \u00e0 la gr\u00e8ve pour r\u00e9clamer la r\u00e9gularisation de leur situation financi\u00e8re. Nous parvenons toujours \u00e0 les convaincre de revenir \u00e0 de meilleurs sentiments, mais nous ne voyons rien venir de concret\u00a0\u00bb, a encore regrett\u00e9 le jeune technicien oranais.<\/p>\n<p>Face \u00e0 cette situation, le pr\u00e9sident de l\u2019OMA, Abdelghani Grine, avait sollicit\u00e9 l\u2019intervention du wali d\u2019Oran, lors de l\u2019audience que lui a accord\u00e9e ce dernier, il y a quelques jours, mais le statu-quo perdure toujours sur le plan financier dans ce club.<\/p>\n<p>\u00ab\u00a0On doit s\u2019estimer heureux de pouvoir se positionner \u00e0 la sixi\u00e8me place apr\u00e8s 11 journ\u00e9es de comp\u00e9tition, au vu des conditions difficiles dans lesquelles nous travaillons. Les joueurs sont d\u2019ailleurs beaucoup plus pr\u00e9occup\u00e9s par leur situation financi\u00e8re que par leurs matchs, vu qu\u2019ils n\u2019ont pas per\u00e7u leurs salaires depuis plusieurs mois\u00a0\u00bb, a expliqu\u00e9 Hadj Merine.<\/p>\n<p>A l\u2019issue de la 11e journ\u00e9e disput\u00e9e samedi pass\u00e9, les gars de la ville p\u00e9trochimique ont gliss\u00e9 \u00e0 la sixi\u00e8me place avec 16 points en compagnie du voisin l\u2019ASM Oran et la JSM Skikda, tous les trois devanc\u00e9s de deux unit\u00e9s par le quatri\u00e8me le RC Relizane, sachant que les quatre premiers acc\u00e8deront en Ligue 1 en fin de saison.<\/p>\n<\/div>\n<p>Auteur:<br \/>\n<a href=\"http:\/\/www.aps.dz\/sport\/96883-ligue-2-om-arzew-la-motivation-n-y-est-plus?utm_source=feedburner&#038;utm_medium=feed&#038;utm_campaign=Feed%3A+aps-sport+%28APS+-+SPORT%29\">Cliquez ici pour lire l&rsquo;article depuis sa source.<\/a><\/p>\n","protected":false},"excerpt":{"rendered":"<p>ORAN- L\u2019OM Arzew, promu cette saison en Ligue 2 de football, marque le pas depuis quelques temps au moment o\u00f9 son entraineur Hadj Merine lance un nouvel appel de d\u00e9tresse pour venir au secours de son \u00e9quipe \u00ab\u00a0\u00e9touff\u00e9e\u00a0\u00bb par la crise financi\u00e8re. \u00ab\u00a0Nous n\u2019arrivons plus, en tant que staff technique, \u00e0 motiver nos joueurs. Nous [&hellip;]<\/p>\n","protected":false},"author":1790,"featured_media":0,"comment_status":"closed","ping_status":"closed","sticky":false,"template":"","format":"standard","meta":{"fifu_image_url":"","fifu_image_alt":"","footnotes":""},"categories":[53,75],"tags":[],"class_list":["post-66504","post","type-post","status-publish","format-standard","hentry","category-algerie","category-sport"],"_links":{"self":[{"href":"https:\/\/linitiative.ca\/International\/wp-json\/wp\/v2\/posts\/66504","targetHints":{"allow":["GET"]}}],"collection":[{"href":"https:\/\/linitiative.ca\/International\/wp-json\/wp\/v2\/posts"}],"about":[{"href":"https:\/\/linitiative.ca\/International\/wp-json\/wp\/v2\/types\/post"}],"author":[{"embeddable":true,"href":"https:\/\/linitiative.ca\/International\/wp-json\/wp\/v2\/users\/1790"}],"replies":[{"embeddable":true,"href":"https:\/\/linitiative.ca\/International\/wp-json\/wp\/v2\/comments?post=66504"}],"version-history":[{"count":0,"href":"https:\/\/linitiative.ca\/International\/wp-json\/wp\/v2\/posts\/66504\/revisions"}],"wp:attachment":[{"href":"https:\/\/linitiative.ca\/International\/wp-json\/wp\/v2\/media?parent=66504"}],"wp:term":[{"taxonomy":"category","embeddable":true,"href":"https:\/\/linitiative.ca\/International\/wp-json\/wp\/v2\/categories?post=66504"},{"taxonomy":"post_tag","embeddable":true,"href":"https:\/\/linitiative.ca\/International\/wp-json\/wp\/v2\/tags?post=66504"}],"curies":[{"name":"wp","href":"https:\/\/api.w.org\/{rel}","templated":true}]}}