{"id":66506,"date":"2019-11-04T10:01:56","date_gmt":"2019-11-04T15:01:56","guid":{"rendered":"https:\/\/linitiative.ca\/International\/96898-allahoum-appelle-la-fasm-a-revenir-sur-sa-decision-de-le-priver-de-competitions\/"},"modified":"2019-11-04T10:01:56","modified_gmt":"2019-11-04T15:01:56","slug":"96898-allahoum-appelle-la-fasm-a-revenir-sur-sa-decision-de-le-priver-de-competitions","status":"publish","type":"post","link":"https:\/\/linitiative.ca\/International\/96898-allahoum-appelle-la-fasm-a-revenir-sur-sa-decision-de-le-priver-de-competitions\/","title":{"rendered":"Allahoum appelle la FASM \u00e0 revenir sur sa d\u00e9cision de le priver de comp\u00e9titions"},"content":{"rendered":"<div readability=\"36\">\n<p><strong>ALGER &#8211; Le pilote Fodil Allahoum, suspendu d&rsquo;une fa\u00e7on \u00ab\u00a0non-r\u00e9glementaire\u00a0\u00bb par la F\u00e9d\u00e9ration alg\u00e9rienne des sports m\u00e9caniques (FASM), a appel\u00e9 l&rsquo;instance f\u00e9d\u00e9rale \u00e0 le r\u00e9tablir dans ses droits pour pouvoir prendre part aux prochaines comp\u00e9titions nationales.<\/strong><\/p>\n<\/div>\n<div readability=\"77.4226462049\">\n<p>\u00ab\u00a0Pourquoi les dirigeants de la f\u00e9d\u00e9ration m&#8217;emp\u00eachent, sans motif valable, de prendre part aux prochaines comp\u00e9titions nationales, alors que je suis dans l&rsquo;attente de ma comparution devant le Conseil de discipline qui n&rsquo;a toujours pas \u00e9t\u00e9 install\u00e9. La d\u00e9cision de me suspendre n&rsquo;est pas r\u00e9glementaire\u00a0\u00bb, a pest\u00e9 le pilote aux quatre participations au Rallye Dakar.<\/p>\n<p>Mais selon un responsable de la FASM, contact\u00e9 par l&rsquo;APS, ledit conseil \u00ab\u00a0a \u00e9t\u00e9 bel et bien install\u00e9\u00a0\u00bb et convoquera \u00ab\u00a0bient\u00f4t\u00a0\u00bb Allahoum pour compara\u00eetre, \u00ab\u00a0selon le r\u00e8glement int\u00e9rieur en vigueur\u00a0\u00bb.<\/p>\n<blockquote readability=\"11\">\n<p><em><strong>Ce pilote, multiple vainqueur du rallye international Challenge Sahari organis\u00e9 en Alg\u00e9rie, a \u00e9t\u00e9 suspendu \u00ab\u00a0\u00e0 titre provisoire\u00a0\u00bb jusqu&rsquo;\u00e0 sa comparution devant le Conseil de discipline \u00ab\u00a0pour avoir port\u00e9 atteinte \u00e0 l&rsquo;image de la FASM et de son bureau f\u00e9d\u00e9ral\u00a0\u00bb, ce qui l&#8217;emp\u00eache de participer aux diff\u00e9rentes comp\u00e9titions.<\/strong><\/em><\/p>\n<\/blockquote>\n<p>Allahoum (70 ans) ajoute ainsi: \u00ab\u00a0Jusqu&rsquo;\u00e0 quand vais-je attendre ma convocation devant le Conseil de discipline? On m&rsquo;a demand\u00e9 de prendre attache avec la Commission de recours, pr\u00e9sid\u00e9e par le repr\u00e9sentant de la Ligue de Sidi Bel-Abb\u00e8s, mais ce dernier nie \u00eatre \u00e0 la t\u00eate de cet organe.\u00a0<\/p>\n<hr\/>\n<p><span class=\"c30\"><strong>Lire aussi:<\/strong><\/span>\u00a0<a href=\"http:\/\/www.aps.dz\/sport\/96454-sports-mecaniques-le-pilote-allahoum-suspendu-provisoirement-par-la-federation-algerienne\">Sports m\u00e9caniques : Le pilote Allahoum suspendu provisoirement<\/a><\/p>\n<hr\/>\n<p>Je suis surpris de la d\u00e9cision de suspension prise \u00e0 mon \u00e9gard, alors que je n&rsquo;ai pas \u00e9t\u00e9 entendu jusque-l\u00e0 par la commission habilit\u00e9e \u00e0 le faire\u00a0\u00bb.<\/p>\n<blockquote readability=\"10\">\n<p><em><strong>Le pilote de 4&#215;4 souligne: \u00ab\u00a0Je n&rsquo;ai jamais port\u00e9 atteinte \u00e0 la FASM, au contraire c&rsquo;est elle qui a terni l&rsquo;image de l&rsquo;Alg\u00e9rie en supprimant le rallye international Challenge Sahari de 2019, obligeant de ce fait les participants \u00e9trangers \u00e0 annuler leur d\u00e9placement en Alg\u00e9rie apr\u00e8s s&rsquo;\u00eatre acquitt\u00e9s des frais d&rsquo;engagement en devises\u00a0\u00bb.<\/strong><\/em><\/p>\n<\/blockquote>\n<p>Selon le m\u00eame interlocuteur, il \u00e9tait dispos\u00e9 \u00e0 aider l&rsquo;instance f\u00e9d\u00e9rale avec une somme de 2 milliards de centimes \u00ab\u00a0promise par des connaissances\u00a0\u00bb afin de maintenir cette comp\u00e9tition \u00ab\u00a0qui n\u00e9cessite au maximum 1,5 milliard de centimes\u00a0\u00bb, avant qu&rsquo;une assembl\u00e9e g\u00e9n\u00e9rale extraordinaire n&rsquo;annule la tenue du rallye.<\/p>\n<p>Et de conclure : \u00ab\u00a0Je suis celui qui a aid\u00e9 \u00e0 l&rsquo;accouchement du Sahari. Je d\u00e9fie la FASM de publier une phrase, un mot que j&rsquo;ai pu dire ou \u00e9crire qui porte atteinte \u00e0 notre f\u00e9d\u00e9ration ou \u00e0 ses membres. Ce n&rsquo;est pas \u00e0 70 ans que je vais porter atteinte \u00e0 notre f\u00e9d\u00e9ration ou \u00e0 ses membres\u00a0\u00bb.<\/p>\n<\/div>\n<p>Auteur:<br \/>\n<a href=\"http:\/\/www.aps.dz\/sport\/96898-allahoum-appelle-la-fasm-a-revenir-sur-sa-decision-de-le-priver-de-competitions?utm_source=feedburner&#038;utm_medium=feed&#038;utm_campaign=Feed%3A+aps-sport+%28APS+-+SPORT%29\">Cliquez ici pour lire l&rsquo;article depuis sa source.<\/a><\/p>\n","protected":false},"excerpt":{"rendered":"<p>ALGER &#8211; Le pilote Fodil Allahoum, suspendu d&rsquo;une fa\u00e7on \u00ab\u00a0non-r\u00e9glementaire\u00a0\u00bb par la F\u00e9d\u00e9ration alg\u00e9rienne des sports m\u00e9caniques (FASM), a appel\u00e9 l&rsquo;instance f\u00e9d\u00e9rale \u00e0 le r\u00e9tablir dans ses droits pour pouvoir prendre part aux prochaines comp\u00e9titions nationales. \u00ab\u00a0Pourquoi les dirigeants de la f\u00e9d\u00e9ration m&#8217;emp\u00eachent, sans motif valable, de prendre part aux prochaines comp\u00e9titions nationales, alors que [&hellip;]<\/p>\n","protected":false},"author":1790,"featured_media":0,"comment_status":"closed","ping_status":"closed","sticky":false,"template":"","format":"standard","meta":{"fifu_image_url":"","fifu_image_alt":"","footnotes":""},"categories":[53,75],"tags":[],"class_list":["post-66506","post","type-post","status-publish","format-standard","hentry","category-algerie","category-sport"],"_links":{"self":[{"href":"https:\/\/linitiative.ca\/International\/wp-json\/wp\/v2\/posts\/66506","targetHints":{"allow":["GET"]}}],"collection":[{"href":"https:\/\/linitiative.ca\/International\/wp-json\/wp\/v2\/posts"}],"about":[{"href":"https:\/\/linitiative.ca\/International\/wp-json\/wp\/v2\/types\/post"}],"author":[{"embeddable":true,"href":"https:\/\/linitiative.ca\/International\/wp-json\/wp\/v2\/users\/1790"}],"replies":[{"embeddable":true,"href":"https:\/\/linitiative.ca\/International\/wp-json\/wp\/v2\/comments?post=66506"}],"version-history":[{"count":0,"href":"https:\/\/linitiative.ca\/International\/wp-json\/wp\/v2\/posts\/66506\/revisions"}],"wp:attachment":[{"href":"https:\/\/linitiative.ca\/International\/wp-json\/wp\/v2\/media?parent=66506"}],"wp:term":[{"taxonomy":"category","embeddable":true,"href":"https:\/\/linitiative.ca\/International\/wp-json\/wp\/v2\/categories?post=66506"},{"taxonomy":"post_tag","embeddable":true,"href":"https:\/\/linitiative.ca\/International\/wp-json\/wp\/v2\/tags?post=66506"}],"curies":[{"name":"wp","href":"https:\/\/api.w.org\/{rel}","templated":true}]}}