{"id":66507,"date":"2019-11-04T10:12:36","date_gmt":"2019-11-04T15:12:36","guid":{"rendered":"https:\/\/linitiative.ca\/International\/96899-sport-et-travail-un-marathon-touristique-du-15-au-21-novembre-a-timimoun\/"},"modified":"2019-11-04T10:12:36","modified_gmt":"2019-11-04T15:12:36","slug":"96899-sport-et-travail-un-marathon-touristique-du-15-au-21-novembre-a-timimoun","status":"publish","type":"post","link":"https:\/\/linitiative.ca\/International\/96899-sport-et-travail-un-marathon-touristique-du-15-au-21-novembre-a-timimoun\/","title":{"rendered":"Sport et travail : un marathon touristique du 15 au 21 novembre \u00e0 Timimoun"},"content":{"rendered":"<div readability=\"35\">\n<p><strong>ADRAR \u2013 Un marathon touristique \u00ab\u00a0Timimoun-Trail\u00a0\u00bb aura lieu du 15 au 21 novembre en cours dans la wilaya d\u00e9l\u00e9gu\u00e9e de Timimoun (220 km d\u2019Adrar), a-t-on appris lundi des responsables de la f\u00e9d\u00e9ration alg\u00e9rienne du sport et travail (FAST).<\/strong><\/p>\n<\/div>\n<div readability=\"68\">\n<p>Cette manifestation, qui se d\u00e9roulera avec la participation d\u2019athl\u00e8tes des deux sexes, nationaux et \u00e9trangers, vise la vulgarisation et la promotion des potentialit\u00e9s touristiques que renferme l\u2019Oasis-rouge et capitale du Gourara (Timimoun) et des paysages naturels sahariens, a indiqu\u00e9 \u00e0 l\u2019APS, Abdelkrim Chouchaoui.<\/p>\n<p>Les participants auront \u00e0 parcourir une distance globale de 90 km, scind\u00e9e en 5 \u00e9tapes, au choix selon les aptitudes physiques personnelles.<\/p>\n<p>Le trajet se d\u00e9roulera de Timimoun vers le Ksar de Talla puis Ouled-Sa\u00efd, via les ksour de Tendjellet et Badriane, et retour vers Timimoun, ont indiqu\u00e9 les organisateurs.<\/p>\n<p>L\u2019\u00e9v\u00e8nement, pour lequel ont \u00e9t\u00e9 fix\u00e9es diverses formules incitatives en direction des participants, sera ponctu\u00e9 d\u2019activit\u00e9s r\u00e9cr\u00e9atives et culturelles, dont des bivouacs et l\u2019appr\u00e9ciation de plats traditionnels et d\u2019activit\u00e9s artistiques folkloriques.<\/p>\n<p>Co\u00efncidant avec la c\u00e9l\u00e9bration de la f\u00eate du Mawlid Ennabaoui (naissance du proph\u00e8te Mohamed QSSSL), cette manifestation permettra aux participants, outre le volet sportif, de vivre la grande ambiance caract\u00e9risant la c\u00e9l\u00e9bration de cette f\u00eate religieuse, un facteur de promotion de la destination touristique de la r\u00e9gion, estiment les organisateurs.<\/p>\n<\/div>\n<p>Auteur:<br \/>\n<a href=\"http:\/\/www.aps.dz\/sport\/96899-sport-et-travail-un-marathon-touristique-du-15-au-21-novembre-a-timimoun?utm_source=feedburner&#038;utm_medium=feed&#038;utm_campaign=Feed%3A+aps-sport+%28APS+-+SPORT%29\">Cliquez ici pour lire l&rsquo;article depuis sa source.<\/a><\/p>\n","protected":false},"excerpt":{"rendered":"<p>ADRAR \u2013 Un marathon touristique \u00ab\u00a0Timimoun-Trail\u00a0\u00bb aura lieu du 15 au 21 novembre en cours dans la wilaya d\u00e9l\u00e9gu\u00e9e de Timimoun (220 km d\u2019Adrar), a-t-on appris lundi des responsables de la f\u00e9d\u00e9ration alg\u00e9rienne du sport et travail (FAST). Cette manifestation, qui se d\u00e9roulera avec la participation d\u2019athl\u00e8tes des deux sexes, nationaux et \u00e9trangers, vise la [&hellip;]<\/p>\n","protected":false},"author":1790,"featured_media":0,"comment_status":"closed","ping_status":"closed","sticky":false,"template":"","format":"standard","meta":{"fifu_image_url":"","fifu_image_alt":"","footnotes":""},"categories":[53,75],"tags":[],"class_list":["post-66507","post","type-post","status-publish","format-standard","hentry","category-algerie","category-sport"],"_links":{"self":[{"href":"https:\/\/linitiative.ca\/International\/wp-json\/wp\/v2\/posts\/66507","targetHints":{"allow":["GET"]}}],"collection":[{"href":"https:\/\/linitiative.ca\/International\/wp-json\/wp\/v2\/posts"}],"about":[{"href":"https:\/\/linitiative.ca\/International\/wp-json\/wp\/v2\/types\/post"}],"author":[{"embeddable":true,"href":"https:\/\/linitiative.ca\/International\/wp-json\/wp\/v2\/users\/1790"}],"replies":[{"embeddable":true,"href":"https:\/\/linitiative.ca\/International\/wp-json\/wp\/v2\/comments?post=66507"}],"version-history":[{"count":0,"href":"https:\/\/linitiative.ca\/International\/wp-json\/wp\/v2\/posts\/66507\/revisions"}],"wp:attachment":[{"href":"https:\/\/linitiative.ca\/International\/wp-json\/wp\/v2\/media?parent=66507"}],"wp:term":[{"taxonomy":"category","embeddable":true,"href":"https:\/\/linitiative.ca\/International\/wp-json\/wp\/v2\/categories?post=66507"},{"taxonomy":"post_tag","embeddable":true,"href":"https:\/\/linitiative.ca\/International\/wp-json\/wp\/v2\/tags?post=66507"}],"curies":[{"name":"wp","href":"https:\/\/api.w.org\/{rel}","templated":true}]}}