{"id":66508,"date":"2019-11-04T11:07:46","date_gmt":"2019-11-04T16:07:46","guid":{"rendered":"https:\/\/linitiative.ca\/International\/96905-foot-l1-paradou-ac-une-attaque-de-feu-au-niveau-continental-amorphe-en-ligue-1\/"},"modified":"2019-11-04T11:07:46","modified_gmt":"2019-11-04T16:07:46","slug":"96905-foot-l1-paradou-ac-une-attaque-de-feu-au-niveau-continental-amorphe-en-ligue-1","status":"publish","type":"post","link":"https:\/\/linitiative.ca\/International\/96905-foot-l1-paradou-ac-une-attaque-de-feu-au-niveau-continental-amorphe-en-ligue-1\/","title":{"rendered":"Foot- L1 (Paradou AC) : une attaque de feu au niveau continental, amorphe en Ligue 1"},"content":{"rendered":"<div readability=\"38\">\n<p><strong>ALGER- Le Paradou AC, qualifi\u00e9 dimanche soir avec panache pour la phase de poules de la Coupe de la Conf\u00e9d\u00e9ration de football en dominant nettement les Ougandais de Kampala City (4-1) au stade du 5-juillet, a confirm\u00e9 une fois de plus son efficacit\u00e9 offensif sur le plan continental, contrairement en Ligue 1 o\u00f9 elle est la plus faible attaque.<\/strong><\/p>\n<\/div>\n<div readability=\"80.7523892268\">\n<p>Aussi paradoxal que cela puisse paraitre, les Acad\u00e9miciens ont marqu\u00e9 jusque-l\u00e0 10 buts en six matchs disput\u00e9s en Coupe de la Conf\u00e9d\u00e9ration, alors qu&rsquo;en championnat national de Ligue 1, le Paradou reste impuissant avec un triste bilan de trois r\u00e9alisations en 7 rencontres disput\u00e9es par les joueurs du technicien portugais Francisco Alexandre Chalo.<\/p>\n<blockquote readability=\"8\">\n<p><em><strong>Le PAC, dont il s&rsquo;agit de la premi\u00e8re participation africaine de son histoire, est en train de forcer l&rsquo;admiration face \u00e0 des clubs pourtant aguerris pour ce genre de comp\u00e9tition.<\/strong><\/em><\/p>\n<\/blockquote>\n<p>Lors du tour pr\u00e9liminaire, le Paradou a entam\u00e9 son aventure tambour battant en dominant les Guin\u00e9ens d&rsquo;IC Kamsar (3-0) en match aller, avant de s&rsquo;incliner par la plus petite des marges lors de la seconde manche (1-0).<\/p>\n<p><strong>L&rsquo;ombre de Na\u00efdji<\/strong><\/p>\n<p>Le test r\u00e9v\u00e9lateur face aux Tunisiens du CS Sfaxien, en 16es de finale, a \u00e9t\u00e9 r\u00e9ussi de fort belle mani\u00e8re par les co\u00e9quipiers du capitaine et gardien de but Taoufik Moussaoui. Auteur d&rsquo;une victoire retentissante lors de la premi\u00e8re manche \u00e0 Alger (3-1), le PAC est all\u00e9 tenir en \u00e9chec un ancien vainqueur de l&rsquo;\u00e9preuve au stade Tayeb M&rsquo;hiri (0-0), pour arracher sa qualification\u00a0 pour les 16es de finals \u00ab\u00a0bis\u00a0\u00bb.<\/p>\n<hr\/>\n<p><strong>Lire aussi:<\/strong> <a href=\"http:\/\/www.aps.dz\/sport\/96880-coupe-de-la-caf-le-paradou-bat-kampala-city-4-1-et-integre-la-phase-de-groupes\">Coupe de la CAF-Paradou AC-Kampala City(4-1): une premi\u00e8re historique pour les Alg\u00e9rois<\/a><\/p>\n<hr\/>\n<p>Le club ougandais de Kampala City, revers\u00e9 en Coupe de la Conf\u00e9d\u00e9ration apr\u00e8s son \u00e9limination de la Ligue des champions, n&rsquo;a pas pes\u00e9 lourd face aux Alg\u00e9rois, dont la qualification \u00e9tait loin d&rsquo;\u00eatre vol\u00e9e.<\/p>\n<blockquote readability=\"10\">\n<p><em><strong>Ayant r\u00e9ussi \u00e0 d\u00e9crocher le match nul (0-0) \u00e0 Kampala, le PAC n&rsquo;a pas fait dans la dentelle dimanche soir, devant des gradins vides du stade du 5-juillet, pour r\u00e9aliser le r\u00e9cital parfait (4-1).<\/strong><\/em><\/p>\n<\/blockquote>\n<p>Pour le milieu international A&rsquo; du PAC Adam Zorgane, \u00ab\u00a0le d\u00e9part de l&rsquo;attaquant Zakaria Na\u00efdji (pr\u00eat\u00e9 cet \u00e9t\u00e9 au club portugais de Gil Vicente, ndlr) a fini par \u00eatre pr\u00e9judiciable pour l&rsquo;\u00e9quipe. Sa pr\u00e9sence pesait lourd sur la d\u00e9fense adverse\u00a0\u00bb. Naidji a termin\u00e9 meilleur buteur du championnat lors du pr\u00e9c\u00e9dent exercice avec 20 buts.<\/p>\n<p>Le PAC, lanterne rouge de Ligue 1 (7 pts), est appel\u00e9 \u00e0 retrouver son efficacit\u00e9 offensif sur le plan local, et \u00e9galer les performances encha\u00een\u00e9es en comp\u00e9tition continentale, au risque de compromettre sa saison.<\/p>\n<\/div>\n<p>Auteur:<br \/>\n<a href=\"http:\/\/www.aps.dz\/sport\/96905-foot-l1-paradou-ac-une-attaque-de-feu-au-niveau-continental-amorphe-en-ligue-1?utm_source=feedburner&#038;utm_medium=feed&#038;utm_campaign=Feed%3A+aps-sport+%28APS+-+SPORT%29\">Cliquez ici pour lire l&rsquo;article depuis sa source.<\/a><\/p>\n","protected":false},"excerpt":{"rendered":"<p>ALGER- Le Paradou AC, qualifi\u00e9 dimanche soir avec panache pour la phase de poules de la Coupe de la Conf\u00e9d\u00e9ration de football en dominant nettement les Ougandais de Kampala City (4-1) au stade du 5-juillet, a confirm\u00e9 une fois de plus son efficacit\u00e9 offensif sur le plan continental, contrairement en Ligue 1 o\u00f9 elle est [&hellip;]<\/p>\n","protected":false},"author":1790,"featured_media":0,"comment_status":"closed","ping_status":"closed","sticky":false,"template":"","format":"standard","meta":{"fifu_image_url":"","fifu_image_alt":"","footnotes":""},"categories":[53,75],"tags":[],"class_list":["post-66508","post","type-post","status-publish","format-standard","hentry","category-algerie","category-sport"],"_links":{"self":[{"href":"https:\/\/linitiative.ca\/International\/wp-json\/wp\/v2\/posts\/66508","targetHints":{"allow":["GET"]}}],"collection":[{"href":"https:\/\/linitiative.ca\/International\/wp-json\/wp\/v2\/posts"}],"about":[{"href":"https:\/\/linitiative.ca\/International\/wp-json\/wp\/v2\/types\/post"}],"author":[{"embeddable":true,"href":"https:\/\/linitiative.ca\/International\/wp-json\/wp\/v2\/users\/1790"}],"replies":[{"embeddable":true,"href":"https:\/\/linitiative.ca\/International\/wp-json\/wp\/v2\/comments?post=66508"}],"version-history":[{"count":0,"href":"https:\/\/linitiative.ca\/International\/wp-json\/wp\/v2\/posts\/66508\/revisions"}],"wp:attachment":[{"href":"https:\/\/linitiative.ca\/International\/wp-json\/wp\/v2\/media?parent=66508"}],"wp:term":[{"taxonomy":"category","embeddable":true,"href":"https:\/\/linitiative.ca\/International\/wp-json\/wp\/v2\/categories?post=66508"},{"taxonomy":"post_tag","embeddable":true,"href":"https:\/\/linitiative.ca\/International\/wp-json\/wp\/v2\/tags?post=66508"}],"curies":[{"name":"wp","href":"https:\/\/api.w.org\/{rel}","templated":true}]}}