{"id":66509,"date":"2019-11-04T11:03:00","date_gmt":"2019-11-04T16:03:00","guid":{"rendered":"https:\/\/linitiative.ca\/International\/un-enfant-cancereux-chasse-de-lhopital-doran\/"},"modified":"2019-11-04T11:03:00","modified_gmt":"2019-11-04T16:03:00","slug":"un-enfant-cancereux-chasse-de-lhopital-doran","status":"publish","type":"post","link":"https:\/\/linitiative.ca\/International\/un-enfant-cancereux-chasse-de-lhopital-doran\/","title":{"rendered":"Un enfant canc\u00e9reux chass\u00e9 de l\u2019h\u00f4pital d\u2019Oran !"},"content":{"rendered":"<p><br id=\"sep_para_1\" class=\"sep_para access\"\/><\/p>\n<div id=\"para_1\" class=\"para_33801495 resize\">\n<div class=\"texte access firstletter\">Il s\u2019est plaint des conditions de prise en charge des patients atteints d\u2019un cancer aupr\u00e8s du ministre de la Sant\u00e9, l\u2019enfant qui \u00e9tait dans un \u00e9tat critique s\u2019est retrouv\u00e9 vir\u00e9 de fa\u00e7on arbitraire d\u2019un \u00e9tablissement public de Sant\u00e9. La Direction du centre anti-cancer \u00ab Emir Abdelkader \u00bb d\u2019Oran a pris la d\u00e9cision de chasser un enfant, \u00e2g\u00e9 de 15 ans, et sa m\u00e8re sans se soucier de son \u00e9tat de sant\u00e9 parce qu\u2019il s\u2019est plaint des conditions de prise en charge des patients aupr\u00e8s du ministre de la Sant\u00e9. Selon Ennahar Online, l\u2019enfant a \u00e9t\u00e9 transf\u00e9r\u00e9 \u00e0 l\u2019\u00e9tablissement hospitalier universitaire (EHU) \u00ab 1er Novembre \u00bb mais n\u2019a pas \u00e9t\u00e9 pris en charge car ce dernier ne contient pas de service sp\u00e9cial enfants. Apr\u00e8s que l\u2019affaire ait fait du bruit sur les m\u00e9dias et les r\u00e9seaux sociaux suscitant l\u2019indignation de bon nombre d\u2019internautes, la Direction du centre anti-cancer \u00ab Emir Abdelkader \u00bb est revenue sur sa d\u00e9cision et a r\u00e9int\u00e9gr\u00e9 le petit Mohamed.<\/div>\n<\/div>\n<p>Auteur: R\u00e9flexion<br \/>\n<a href=\"https:\/\/www.reflexiondz.net\/Un-enfant-cancereux-chasse-de-l-hopital-d-Oran-_a58637.html\">Cliquez ici pour lire l&rsquo;article depuis sa source.<\/a><\/p>\n","protected":false},"excerpt":{"rendered":"<p>Il s\u2019est plaint des conditions de prise en charge des patients atteints d\u2019un cancer aupr\u00e8s du ministre de la Sant\u00e9, l\u2019enfant qui \u00e9tait dans un \u00e9tat critique s\u2019est retrouv\u00e9 vir\u00e9 de fa\u00e7on arbitraire d\u2019un \u00e9tablissement public de Sant\u00e9. La Direction du centre anti-cancer \u00ab Emir Abdelkader \u00bb d\u2019Oran a pris la d\u00e9cision de chasser un [&hellip;]<\/p>\n","protected":false},"author":1740,"featured_media":0,"comment_status":"closed","ping_status":"closed","sticky":false,"template":"","format":"standard","meta":{"fifu_image_url":"","fifu_image_alt":"","footnotes":""},"categories":[53,76],"tags":[],"class_list":["post-66509","post","type-post","status-publish","format-standard","hentry","category-algerie","category-regions"],"_links":{"self":[{"href":"https:\/\/linitiative.ca\/International\/wp-json\/wp\/v2\/posts\/66509","targetHints":{"allow":["GET"]}}],"collection":[{"href":"https:\/\/linitiative.ca\/International\/wp-json\/wp\/v2\/posts"}],"about":[{"href":"https:\/\/linitiative.ca\/International\/wp-json\/wp\/v2\/types\/post"}],"author":[{"embeddable":true,"href":"https:\/\/linitiative.ca\/International\/wp-json\/wp\/v2\/users\/1740"}],"replies":[{"embeddable":true,"href":"https:\/\/linitiative.ca\/International\/wp-json\/wp\/v2\/comments?post=66509"}],"version-history":[{"count":0,"href":"https:\/\/linitiative.ca\/International\/wp-json\/wp\/v2\/posts\/66509\/revisions"}],"wp:attachment":[{"href":"https:\/\/linitiative.ca\/International\/wp-json\/wp\/v2\/media?parent=66509"}],"wp:term":[{"taxonomy":"category","embeddable":true,"href":"https:\/\/linitiative.ca\/International\/wp-json\/wp\/v2\/categories?post=66509"},{"taxonomy":"post_tag","embeddable":true,"href":"https:\/\/linitiative.ca\/International\/wp-json\/wp\/v2\/tags?post=66509"}],"curies":[{"name":"wp","href":"https:\/\/api.w.org\/{rel}","templated":true}]}}