{"id":66510,"date":"2019-11-04T11:03:00","date_gmt":"2019-11-04T16:03:00","guid":{"rendered":"https:\/\/linitiative.ca\/International\/enseignement-superieur-reception-prochaine-de-plus-de-80-000-places-pedagogiques\/"},"modified":"2019-11-04T11:03:00","modified_gmt":"2019-11-04T16:03:00","slug":"enseignement-superieur-reception-prochaine-de-plus-de-80-000-places-pedagogiques","status":"publish","type":"post","link":"https:\/\/linitiative.ca\/International\/enseignement-superieur-reception-prochaine-de-plus-de-80-000-places-pedagogiques\/","title":{"rendered":"ENSEIGNEMENT SUPERIEUR  : R\u00e9ception prochaine de plus de 80 000 places p\u00e9dagogiques"},"content":{"rendered":"<p><br id=\"sep_para_1\" class=\"sep_para access\"\/><\/p>\n<div id=\"para_1\" class=\"para_33801476 resize\">\n<div class=\"texte access firstletter\">Le ministre de l&rsquo;Enseignement Sup\u00e9rieur et de la Recherche Scientifique, Tayeb Bouzid a annonc\u00e9, dimanche \u00e0 Alger, la r\u00e9ception, fin d\u00e9cembre prochain, de 83.400 places p\u00e9dagogiques et de 51.370 nouveaux lits. \u00ab\u00a0La r\u00e9ception de ces nouvelles places p\u00e9dagogiques, permettra d&rsquo;augmenter la capacit\u00e9 d&rsquo;accueil globale, fin d\u00e9cembre prochain,\u00a0 \u00e0 1.512.590 places, tandis que la capacit\u00e9 fonctionnelle globale d&rsquo;h\u00e9bergement s&rsquo;\u00e9l\u00e8vera \u00e0 658.600 lits\u00a0\u00bb, a indiqu\u00e9 le ministre dans un expos\u00e9 pr\u00e9sent\u00e9 devant la commission des finances et du budget \u00e0 l&rsquo;Assembl\u00e9e populaire nationale (APN), sur le budget du secteur pour l&rsquo;exercice 2020. Affirmant que la rentr\u00e9e universitaire 2019-2020 s&rsquo;est d\u00e9roul\u00e9e dans de \u00ab\u00a0bonnes conditions\u00a0\u00bb, M. Bouzid a d\u00e9plor\u00e9, cependant, un \u00ab\u00a0retard accus\u00e9 dans le lancement des activit\u00e9s p\u00e9dagogiques dans certains \u00e9tablissements universitaires, d\u00fb essentiellement au recours de ces universit\u00e9s au parach\u00e8vement de certains aspects acad\u00e9miques inh\u00e9rents au deuxi\u00e8me semestre de l&rsquo;ann\u00e9e universitaire 2018-2019\u00a0\u00bb. A ce propos, le premier responsable du secteur a fait savoir que les \u00e9tablissements d&rsquo;enseignement sup\u00e9rieur avaient accueilli, au d\u00e9but de cette ann\u00e9e universitaire, 260.554 nouveaux \u00e9tudiants, ajoutant que le nombre global des \u00e9tudiants inscrits, tous\u00a0 cycles confondus, est appel\u00e9 \u00e0 augmenter pour atteindre 1.7 million d&rsquo;\u00e9tudiants en particulier \u00e0 la fin des concours d&rsquo;acc\u00e8s \u00e0 la formation de doctorat, sachant que les nouveaux dipl\u00f4m\u00e9s des 1er et 2eme cycles avaient atteint 360 000.\u00a0<\/div>\n<\/div>\n<p>Auteur: Ismain<br \/>\n<a href=\"https:\/\/www.reflexiondz.net\/ENSEIGNEMENT-SUPERIEUR-Reception-prochaine-de-plus-de-80-000-places-pedagogiques_a58632.html\">Cliquez ici pour lire l&rsquo;article depuis sa source.<\/a><\/p>\n","protected":false},"excerpt":{"rendered":"<p>Le ministre de l&rsquo;Enseignement Sup\u00e9rieur et de la Recherche Scientifique, Tayeb Bouzid a annonc\u00e9, dimanche \u00e0 Alger, la r\u00e9ception, fin d\u00e9cembre prochain, de 83.400 places p\u00e9dagogiques et de 51.370 nouveaux lits. \u00ab\u00a0La r\u00e9ception de ces nouvelles places p\u00e9dagogiques, permettra d&rsquo;augmenter la capacit\u00e9 d&rsquo;accueil globale, fin d\u00e9cembre prochain,\u00a0 \u00e0 1.512.590 places, tandis que la capacit\u00e9 fonctionnelle [&hellip;]<\/p>\n","protected":false},"author":1740,"featured_media":0,"comment_status":"closed","ping_status":"closed","sticky":false,"template":"","format":"standard","meta":{"fifu_image_url":"","fifu_image_alt":"","footnotes":""},"categories":[53,76],"tags":[],"class_list":["post-66510","post","type-post","status-publish","format-standard","hentry","category-algerie","category-regions"],"_links":{"self":[{"href":"https:\/\/linitiative.ca\/International\/wp-json\/wp\/v2\/posts\/66510","targetHints":{"allow":["GET"]}}],"collection":[{"href":"https:\/\/linitiative.ca\/International\/wp-json\/wp\/v2\/posts"}],"about":[{"href":"https:\/\/linitiative.ca\/International\/wp-json\/wp\/v2\/types\/post"}],"author":[{"embeddable":true,"href":"https:\/\/linitiative.ca\/International\/wp-json\/wp\/v2\/users\/1740"}],"replies":[{"embeddable":true,"href":"https:\/\/linitiative.ca\/International\/wp-json\/wp\/v2\/comments?post=66510"}],"version-history":[{"count":0,"href":"https:\/\/linitiative.ca\/International\/wp-json\/wp\/v2\/posts\/66510\/revisions"}],"wp:attachment":[{"href":"https:\/\/linitiative.ca\/International\/wp-json\/wp\/v2\/media?parent=66510"}],"wp:term":[{"taxonomy":"category","embeddable":true,"href":"https:\/\/linitiative.ca\/International\/wp-json\/wp\/v2\/categories?post=66510"},{"taxonomy":"post_tag","embeddable":true,"href":"https:\/\/linitiative.ca\/International\/wp-json\/wp\/v2\/tags?post=66510"}],"curies":[{"name":"wp","href":"https:\/\/api.w.org\/{rel}","templated":true}]}}