{"id":66511,"date":"2019-11-04T11:04:00","date_gmt":"2019-11-04T16:04:00","guid":{"rendered":"https:\/\/linitiative.ca\/International\/said-sadi-agresse-verbalement-a-marseille\/"},"modified":"2019-11-04T11:04:00","modified_gmt":"2019-11-04T16:04:00","slug":"said-sadi-agresse-verbalement-a-marseille","status":"publish","type":"post","link":"https:\/\/linitiative.ca\/International\/said-sadi-agresse-verbalement-a-marseille\/","title":{"rendered":"Sa\u00efd Sadi agress\u00e9 verbalement  \u00e0 Marseille !"},"content":{"rendered":"<p><br id=\"sep_para_1\" class=\"sep_para access\"\/><\/p>\n<div id=\"para_1\" class=\"para_33801490 resize\">\n<div class=\"texte access firstletter\">Qualifi\u00e9 d\u2019\u00e9radicateur et d\u2019un des soutiens ind\u00e9fectibles aux g\u00e9n\u00e9raux ayant arr\u00eat\u00e9 le processus \u00e9lectoral au d\u00e9but des ann\u00e9es 90, Sa\u00efd Sadi se voit rappeler cet \u00e9pisode par deux Alg\u00e9riens \u00e0 Marseille. En effet, une vid\u00e9o qui a largement circul\u00e9 sur les r\u00e9seaux sociaux, montre Sa\u00efd Sadi film\u00e9 par un ressortissant alg\u00e9rien. Il a prof\u00e9r\u00e9 plusieurs accusations contre Sa\u00efd Sadi, notamment, d\u2019\u00eatre proche de l\u2019ancien patron des services de renseignements alg\u00e9riens (DRS), le g\u00e9n\u00e9ral \u00e0 la retraite Mohamed Medi\u00e8ne dit \u00ab Toufik \u00bb, et qui a \u00e9t\u00e9 condamn\u00e9 r\u00e9cemment \u00e0 15 ans de prison ferme par le tribunal militaire de Blida. Il l\u2019a accus\u00e9 \u00e9galement d\u2019\u00eatre proche de l\u2019autre g\u00e9n\u00e9ral \u00e0 la retraite Khaled Nezzar qui fait l\u2019objet d\u2019un mandat d\u2019arr\u00eat international \u00e9mis par la Justice alg\u00e9rienne. Le ressortissant alg\u00e9rien a suivi Sa\u00efd Sadi sur plusieurs centaines de m\u00e8tres en le filmant. \u00ab Il va bien votre ami Khaled Nezzar? Alors l\u2019\u00e9radicateur, vous croyez que vous allez manger dans le plat du Hirak? Vous qui avez mang\u00e9 dans les plats de Khaled Nezzar et de Toufik, et maintenant vous faites le d\u00e9mocrate hypocrite \u00bb, dit l\u2019un des ressortissants \u00e0 Sa\u00efd Sadi, qui lui a demand\u00e9 de r\u00e9pondre \u00e0 ses questions puisqu\u2019il est \u00ab un d\u00e9mocrate \u00bb.<\/div>\n<\/div>\n<p>Auteur: R\u00e9flexion<br \/>\n<a href=\"https:\/\/www.reflexiondz.net\/Said-Sadi-agresse-verbalement-a-Marseille-_a58636.html\">Cliquez ici pour lire l&rsquo;article depuis sa source.<\/a><\/p>\n","protected":false},"excerpt":{"rendered":"<p>Qualifi\u00e9 d\u2019\u00e9radicateur et d\u2019un des soutiens ind\u00e9fectibles aux g\u00e9n\u00e9raux ayant arr\u00eat\u00e9 le processus \u00e9lectoral au d\u00e9but des ann\u00e9es 90, Sa\u00efd Sadi se voit rappeler cet \u00e9pisode par deux Alg\u00e9riens \u00e0 Marseille. En effet, une vid\u00e9o qui a largement circul\u00e9 sur les r\u00e9seaux sociaux, montre Sa\u00efd Sadi film\u00e9 par un ressortissant alg\u00e9rien. Il a prof\u00e9r\u00e9 plusieurs [&hellip;]<\/p>\n","protected":false},"author":1740,"featured_media":0,"comment_status":"closed","ping_status":"closed","sticky":false,"template":"","format":"standard","meta":{"fifu_image_url":"","fifu_image_alt":"","footnotes":""},"categories":[53,76],"tags":[],"class_list":["post-66511","post","type-post","status-publish","format-standard","hentry","category-algerie","category-regions"],"_links":{"self":[{"href":"https:\/\/linitiative.ca\/International\/wp-json\/wp\/v2\/posts\/66511","targetHints":{"allow":["GET"]}}],"collection":[{"href":"https:\/\/linitiative.ca\/International\/wp-json\/wp\/v2\/posts"}],"about":[{"href":"https:\/\/linitiative.ca\/International\/wp-json\/wp\/v2\/types\/post"}],"author":[{"embeddable":true,"href":"https:\/\/linitiative.ca\/International\/wp-json\/wp\/v2\/users\/1740"}],"replies":[{"embeddable":true,"href":"https:\/\/linitiative.ca\/International\/wp-json\/wp\/v2\/comments?post=66511"}],"version-history":[{"count":0,"href":"https:\/\/linitiative.ca\/International\/wp-json\/wp\/v2\/posts\/66511\/revisions"}],"wp:attachment":[{"href":"https:\/\/linitiative.ca\/International\/wp-json\/wp\/v2\/media?parent=66511"}],"wp:term":[{"taxonomy":"category","embeddable":true,"href":"https:\/\/linitiative.ca\/International\/wp-json\/wp\/v2\/categories?post=66511"},{"taxonomy":"post_tag","embeddable":true,"href":"https:\/\/linitiative.ca\/International\/wp-json\/wp\/v2\/tags?post=66511"}],"curies":[{"name":"wp","href":"https:\/\/api.w.org\/{rel}","templated":true}]}}