{"id":66513,"date":"2019-11-04T13:38:00","date_gmt":"2019-11-04T18:38:00","guid":{"rendered":"https:\/\/linitiative.ca\/International\/repression-des-magistrats-a-la-cour-doran-le-ministere-de-la-justice-ordonne-louverture-dune-enquete\/"},"modified":"2019-11-04T13:38:00","modified_gmt":"2019-11-04T18:38:00","slug":"repression-des-magistrats-a-la-cour-doran-le-ministere-de-la-justice-ordonne-louverture-dune-enquete","status":"publish","type":"post","link":"https:\/\/linitiative.ca\/International\/repression-des-magistrats-a-la-cour-doran-le-ministere-de-la-justice-ordonne-louverture-dune-enquete\/","title":{"rendered":"REPRESSION DES MAGISTRATS A LA COUR D&rsquo;ORAN  : Le minist\u00e8re de la justice ordonne l&rsquo;ouverture d&rsquo;une enqu\u00eate"},"content":{"rendered":"<p><br id=\"sep_para_1\" class=\"sep_para access\"\/><\/p>\n<div id=\"para_1\" class=\"para_33803852 resize\">\n<div class=\"photo shadow left\"><a href=\"javascript:void(0)\" rel=\"https:\/\/www.reflexiondz.net\/photo\/art\/grande\/39101815-33803852.jpg?v=1572894041&#038;ibox\" title=\"REPRESSION DES MAGISTRATS A LA COUR D'ORAN : Le minist\u00e8re de la justice ordonne l'ouverture d'une enqu\u00eate\"><img decoding=\"async\" class=\"responsive c9\" src=\"https:\/\/www.reflexiondz.net\/photo\/art\/grande\/39101815-33803852.jpg?v=1572894041\" alt=\"REPRESSION DES MAGISTRATS A LA COUR D'ORAN : Le minist\u00e8re de la justice ordonne l'ouverture d'une enqu\u00eate\" title=\"REPRESSION DES MAGISTRATS A LA COUR D'ORAN : Le minist\u00e8re de la justice ordonne l'ouverture d'une enqu\u00eate\"\/><img decoding=\"async\" class=\"not-responsive\" src=\"https:\/\/www.reflexiondz.net\/photo\/art\/default\/39101815-33803852.jpg?v=1572894042\" alt=\"REPRESSION DES MAGISTRATS A LA COUR D'ORAN : Le minist\u00e8re de la justice ordonne l'ouverture d'une enqu\u00eate\" title=\"REPRESSION DES MAGISTRATS A LA COUR D'ORAN : Le minist\u00e8re de la justice ordonne l'ouverture d'une enqu\u00eate\"\/><\/a><\/div>\n<div class=\"texte access firstletter\">Le minist\u00e8re de la justice a r\u00e9agi, hier lundi, \u00e0 travers un communiqu\u00e9, \u00e0 la r\u00e9pression des magistrats \u00e0 la Cour d\u2019Oran, survenue, dimanche\u00a0 03 novembre 2019, annon\u00e7ant, en outre l\u2019ouverture d&rsquo;une enqu\u00eate sur les circonstances de cet incident. \u00ab Le minist\u00e8re de la justice exprime ses regrets apr\u00e8s les faits survenus au palais de justice d\u2019Oran la matin\u00e9e du dimanche 03 novembre 2019, qui ont conduit \u00e0 l\u2019intervention des forces de l\u2019ordre et \u00e0 l\u2019\u00e9clatement d\u2019incidents qui auraient pu \u00eatre \u00e9vit\u00e9s si toutes les parties s\u2019\u00e9taient comport\u00e9es avec retenue. \u00bb lit-on dans le communiqu\u00e9. Le minist\u00e8re de la justice a annonc\u00e9 \u00e9galement l&rsquo;ouverture d&rsquo;une enqu\u00eate sur les circonstances de la r\u00e9pression des magistrats dimanche \u00e0 l&rsquo;int\u00e9rieur de la cour de justice d\u2019Oran afin de situer la responsabilit\u00e9. Le communiqu\u00e9 r\u00e9v\u00e8le qu&rsquo;une enqu\u00eate \u00ab\u00a0approfondie\u00a0\u00bb sera ouverte sur les incidents survenus \u00e0 la Cour de justice d&rsquo;Oran pour r\u00e9tablir la v\u00e9rit\u00e9, situer les responsabilit\u00e9s et \u00e9viter que ce genre de faits ne se reproduisent \u00e0 l&rsquo;avenir. Le minist\u00e8re de justice exprime ses regrets suite \u00e0 ces incidents qu&rsquo;a connus la cour de justice ayant conduit \u00e0 l&rsquo;intervention des forces de l\u2019ordre et r\u00e9it\u00e8re son appel au dialogue pour trouver une issue au conflit l&rsquo;opposant aux magistrats.<\/div>\n<\/div>\n<p>Auteur: Ismain<br \/>\n<a href=\"https:\/\/www.reflexiondz.net\/REPRESSION-DES-MAGISTRATS-A-LA-COUR-D-ORAN-Le-ministere-de-la-justice-ordonne-l-ouverture-d-une-enquete_a58638.html\">Cliquez ici pour lire l&rsquo;article depuis sa source.<\/a><\/p>\n","protected":false},"excerpt":{"rendered":"<p>Le minist\u00e8re de la justice a r\u00e9agi, hier lundi, \u00e0 travers un communiqu\u00e9, \u00e0 la r\u00e9pression des magistrats \u00e0 la Cour d\u2019Oran, survenue, dimanche\u00a0 03 novembre 2019, annon\u00e7ant, en outre l\u2019ouverture d&rsquo;une enqu\u00eate sur les circonstances de cet incident. \u00ab Le minist\u00e8re de la justice exprime ses regrets apr\u00e8s les faits survenus au palais de [&hellip;]<\/p>\n","protected":false},"author":1740,"featured_media":0,"comment_status":"closed","ping_status":"closed","sticky":false,"template":"","format":"standard","meta":{"fifu_image_url":"","fifu_image_alt":"","footnotes":""},"categories":[53,76],"tags":[],"class_list":["post-66513","post","type-post","status-publish","format-standard","hentry","category-algerie","category-regions"],"_links":{"self":[{"href":"https:\/\/linitiative.ca\/International\/wp-json\/wp\/v2\/posts\/66513","targetHints":{"allow":["GET"]}}],"collection":[{"href":"https:\/\/linitiative.ca\/International\/wp-json\/wp\/v2\/posts"}],"about":[{"href":"https:\/\/linitiative.ca\/International\/wp-json\/wp\/v2\/types\/post"}],"author":[{"embeddable":true,"href":"https:\/\/linitiative.ca\/International\/wp-json\/wp\/v2\/users\/1740"}],"replies":[{"embeddable":true,"href":"https:\/\/linitiative.ca\/International\/wp-json\/wp\/v2\/comments?post=66513"}],"version-history":[{"count":0,"href":"https:\/\/linitiative.ca\/International\/wp-json\/wp\/v2\/posts\/66513\/revisions"}],"wp:attachment":[{"href":"https:\/\/linitiative.ca\/International\/wp-json\/wp\/v2\/media?parent=66513"}],"wp:term":[{"taxonomy":"category","embeddable":true,"href":"https:\/\/linitiative.ca\/International\/wp-json\/wp\/v2\/categories?post=66513"},{"taxonomy":"post_tag","embeddable":true,"href":"https:\/\/linitiative.ca\/International\/wp-json\/wp\/v2\/tags?post=66513"}],"curies":[{"name":"wp","href":"https:\/\/api.w.org\/{rel}","templated":true}]}}