{"id":66519,"date":"2019-11-04T03:30:00","date_gmt":"2019-11-04T08:30:00","guid":{"rendered":"https:\/\/linitiative.ca\/International\/bapteme-de-feu-entreprise-pour-kais-saied-aux-journees-de-lentreprise-de-liace\/"},"modified":"2019-11-04T03:30:00","modified_gmt":"2019-11-04T08:30:00","slug":"bapteme-de-feu-entreprise-pour-kais-saied-aux-journees-de-lentreprise-de-liace","status":"publish","type":"post","link":"https:\/\/linitiative.ca\/International\/bapteme-de-feu-entreprise-pour-kais-saied-aux-journees-de-lentreprise-de-liace\/","title":{"rendered":"Bapt\u00eame de feu Entreprise pour Kais Saied aux Journ\u00e9es de l\u2019Entreprise de l\u2019IACE"},"content":{"rendered":"<p>Il ne pouvait b\u00e9n\u00e9ficier de meilleur plateau pour s\u2019adresser directement aux chefs d\u2019entreprise. Fra\u00eechement \u00e9lu \u00e0 Carthage, le nouveau pr\u00e9sident de la R\u00e9publique, Kais Saied sera en effet l\u2019invit\u00e9 d\u2019honneur des Journ\u00e9es nationales de l\u2019Entreprise qui se tiendront les 6 et 7 d\u00e9cembre prochain \u00e0 Port El Kantaoui. Th\u00e8me de l\u2019ann\u00e9e : l\u2019entreprise et le nouveau r\u00f4le de l\u2019Etat.<br \/>Le pr\u00e9sident Saied retrouvera \u00e0 ses c\u00f4t\u00e9s sur le podium d\u2019illustres figures: Abdullah G\u00fcl, ancien pr\u00e9sident turc, Alexis Tsipras, ancien premier ministre grec, Jean-Pierre Raffarin, ancien premier ministre fran\u00e7ais, F\u00e9rid Belhadj, de la r\u00e9gion Moyen-Orient Afrique du Nord, Dirk Niebel, ancien ministre allemand de l\u2019Economie et du D\u00e9veloppement, Marcos Barraza Gomez, ancien ministre chilien du d\u00e9veloppement social, Ren\u00e9 Tammist, ancien ministre estonien de l\u2019Entreprenariat et de la Technologie de l\u2019Information et autres Ravindra Adi, pr\u00e9sident de la fondation indienne Smart Cities.<\/p>\n<p>Du c\u00f4t\u00e9 tunisien, prendront place \u00e9galement au podium, au-fur et \u00e0 mesure des s\u00e9quences, autour de Taieb Bayahi, pr\u00e9sident de l\u2019IACE, Ouided Bouchamaoui, Houcine Abbassi, Habib Karaouli, Ghazi El Biche, et Leila Ben Gacem.<br \/>La th\u00e9matique centrale de l\u2019Entreprise et le nouveau r\u00f4le de l\u2019Etat est d\u00e9clin\u00e9e en quatre panels de discussion, comme le souligne Naf\u00e2a Ennaifer, coordinateur de la session. En ouverture: crise politique : pour un Etat efficace. Puis, on enchaine avec crise \u00e9conomique et le r\u00f4le de l\u2019Etat, crise sociale et quel mod\u00e8le d\u2019inclusion \u00e0 adopter, crise technologique et transformation digitale de l\u2019Etat, et crise des valeurs: vers un Etat r\u00e9gulateur.<\/p>\n<p>Sous la houlette de Majdi Hassen, directeur ex\u00e9cutif de l\u2019IACE, les \u00e9quipes, bien r\u00f4d\u00e9es au fil des pr\u00e9c\u00e9dentes \u00e9ditions, mettent les derni\u00e8res touches pour accueillir pas moins d\u2019un millier de participants. Cette ann\u00e9e aussi, des chefs d\u2019entreprise alg\u00e9riens, libyens et europ\u00e9ens se sont d\u00e9j\u00e0 inscrits, ce qui favorisera le networking.<\/p>\n<p>Auteur:<br \/>\n<a href=\"https:\/\/www.leaders.com.tn\/article\/28337-bapteme-de-feu-entreprise-pour-kais-saied-aux-journees-de-l-entreprise-de-l-iace\">Cliquez ici pour lire l&rsquo;article depuis sa source.<\/a><\/p>\n","protected":false},"excerpt":{"rendered":"<p>Il ne pouvait b\u00e9n\u00e9ficier de meilleur plateau pour s\u2019adresser directement aux chefs d\u2019entreprise. Fra\u00eechement \u00e9lu \u00e0 Carthage, le nouveau pr\u00e9sident de la R\u00e9publique, Kais Saied sera en effet l\u2019invit\u00e9 d\u2019honneur des Journ\u00e9es nationales de l\u2019Entreprise qui se tiendront les 6 et 7 d\u00e9cembre prochain \u00e0 Port El Kantaoui. Th\u00e8me de l\u2019ann\u00e9e : l\u2019entreprise et le [&hellip;]<\/p>\n","protected":false},"author":1772,"featured_media":0,"comment_status":"closed","ping_status":"closed","sticky":false,"template":"","format":"standard","meta":{"fifu_image_url":"","fifu_image_alt":"","footnotes":""},"categories":[73,55],"tags":[],"class_list":["post-66519","post","type-post","status-publish","format-standard","hentry","category-actualite","category-tunisie"],"_links":{"self":[{"href":"https:\/\/linitiative.ca\/International\/wp-json\/wp\/v2\/posts\/66519","targetHints":{"allow":["GET"]}}],"collection":[{"href":"https:\/\/linitiative.ca\/International\/wp-json\/wp\/v2\/posts"}],"about":[{"href":"https:\/\/linitiative.ca\/International\/wp-json\/wp\/v2\/types\/post"}],"author":[{"embeddable":true,"href":"https:\/\/linitiative.ca\/International\/wp-json\/wp\/v2\/users\/1772"}],"replies":[{"embeddable":true,"href":"https:\/\/linitiative.ca\/International\/wp-json\/wp\/v2\/comments?post=66519"}],"version-history":[{"count":0,"href":"https:\/\/linitiative.ca\/International\/wp-json\/wp\/v2\/posts\/66519\/revisions"}],"wp:attachment":[{"href":"https:\/\/linitiative.ca\/International\/wp-json\/wp\/v2\/media?parent=66519"}],"wp:term":[{"taxonomy":"category","embeddable":true,"href":"https:\/\/linitiative.ca\/International\/wp-json\/wp\/v2\/categories?post=66519"},{"taxonomy":"post_tag","embeddable":true,"href":"https:\/\/linitiative.ca\/International\/wp-json\/wp\/v2\/tags?post=66519"}],"curies":[{"name":"wp","href":"https:\/\/api.w.org\/{rel}","templated":true}]}}