{"id":66520,"date":"2019-11-04T06:10:00","date_gmt":"2019-11-04T11:10:00","guid":{"rendered":"https:\/\/linitiative.ca\/International\/mohamed-nouri-jouini-decore-par-le-japon-dans-lordre-du-soleil-levant\/"},"modified":"2019-11-04T06:10:00","modified_gmt":"2019-11-04T11:10:00","slug":"mohamed-nouri-jouini-decore-par-le-japon-dans-lordre-du-soleil-levant","status":"publish","type":"post","link":"https:\/\/linitiative.ca\/International\/mohamed-nouri-jouini-decore-par-le-japon-dans-lordre-du-soleil-levant\/","title":{"rendered":"Mohamed Nouri Jouini d\u00e9cor\u00e9 par le Japon dans l\u2019Ordre du Soleil Levant"},"content":{"rendered":"<p>Les grandes nations n\u2019oublient pas et rendre hommage aux m\u00e9ritants, nationaux et \u00e9trangers. Le Japon vient de nous le rappeler en honorant l\u2019un des illustres Tunisiens qui ont servi l\u2019amiti\u00e9 et la coop\u00e9ration avec la Tunisie. C\u2019est ainsi que le gouvernement japonais a d\u00e9cor\u00e9 l\u2019ancien ministre du D\u00e9veloppement et de la Coop\u00e9ration, Mohamed Nouri Jouini dans l\u2019Ordre du Soleil Levant, \u00c9toile d\u2019Or et d\u2019Argent (deuxi\u00e8me plus haut grade).<\/p>\n<p>Dans la citation d\u2019honneur, on lit: \u00abPour sa contribution \u00e0 la compr\u00e9hension mutuelle et au d\u00e9veloppement de l\u2019amiti\u00e9 entre le Japon et la Tunisie.\u00bb<\/p>\n<p>Actuellement, Mohamed Nouri Jouini est vice-pr\u00e9sident \u00e0 la <a href=\"https:\/\/www.isdb.org\/fr\">Banque Islamique de D\u00e9veloppement<\/a> dont le si\u00e8ge est bas\u00e9 \u00e0 Djedda.<\/p>\n<p>\u00abAu cours de son mandat en tant que Ministre du d\u00e9veloppement et de la coop\u00e9ration internationale entre 2002 et 2011, rappelle Tokyo, Dr. Jouini a largement contribu\u00e9 \u00e0 la compr\u00e9hension mutuelle et au d\u00e9veloppement de l\u2019amiti\u00e9 entre le Japon et la Tunisie, \u00e0 travers, notamment, la mise en \u0153uvre de plusieurs projets de coop\u00e9ration \u00e9conomique bilat\u00e9rale. Le pont Rades-La Goulette, inaugur\u00e9 en mars 2009 et surnomm\u00e9 \u00ab le pont japonais\u00bb m\u00eame dix ans plus tard de l&rsquo;inauguration, est un des exemples hautement appr\u00e9ci\u00e9s comme projet symbolique de coop\u00e9ration entre nos deux pays. Sous la direction des autorit\u00e9s comp\u00e9tentes dirig\u00e9es par Dr. Jouini, le pont a figur\u00e9 sur les timbres comm\u00e9moratifs et les billets de banque tunisiens \u00e0 l&rsquo;occasion du 50\u00e8me anniversaire de l&rsquo;\u00e9tablissement des relations diplomatiques entre le Japon et la Tunisie en 2006.\u00a0 En outre, M. Jouini a d\u00e9ploy\u00e9 des efforts consid\u00e9rables pour renforcer les relations \u00e9conomiques bilat\u00e9rales, avec sa participation, entre autres, \u00e0 des conf\u00e9rences internationales telles que les TICAD 3 et 4, \u00e0 des s\u00e9minaires bilat\u00e9raux sur les investissements, ainsi qu\u2019au deuxi\u00e8me forum \u00e9conomique arabo-japonais, tenu \u00e0 Tunis en 2010.\u00bb<\/p>\n<p>Nul n\u2019est proph\u00e8te en son pays&#8230;<\/p>\n<p>Auteur:<br \/>\n<a href=\"https:\/\/www.leaders.com.tn\/article\/28339-mohamed-nouri-jouini-decore-par-le-japon-dans-l-ordre-du-soleil-levant\">Cliquez ici pour lire l&rsquo;article depuis sa source.<\/a><\/p>\n","protected":false},"excerpt":{"rendered":"<p>Les grandes nations n\u2019oublient pas et rendre hommage aux m\u00e9ritants, nationaux et \u00e9trangers. Le Japon vient de nous le rappeler en honorant l\u2019un des illustres Tunisiens qui ont servi l\u2019amiti\u00e9 et la coop\u00e9ration avec la Tunisie. C\u2019est ainsi que le gouvernement japonais a d\u00e9cor\u00e9 l\u2019ancien ministre du D\u00e9veloppement et de la Coop\u00e9ration, Mohamed Nouri Jouini [&hellip;]<\/p>\n","protected":false},"author":1772,"featured_media":0,"comment_status":"closed","ping_status":"closed","sticky":false,"template":"","format":"standard","meta":{"fifu_image_url":"","fifu_image_alt":"","footnotes":""},"categories":[73,55],"tags":[],"class_list":["post-66520","post","type-post","status-publish","format-standard","hentry","category-actualite","category-tunisie"],"_links":{"self":[{"href":"https:\/\/linitiative.ca\/International\/wp-json\/wp\/v2\/posts\/66520","targetHints":{"allow":["GET"]}}],"collection":[{"href":"https:\/\/linitiative.ca\/International\/wp-json\/wp\/v2\/posts"}],"about":[{"href":"https:\/\/linitiative.ca\/International\/wp-json\/wp\/v2\/types\/post"}],"author":[{"embeddable":true,"href":"https:\/\/linitiative.ca\/International\/wp-json\/wp\/v2\/users\/1772"}],"replies":[{"embeddable":true,"href":"https:\/\/linitiative.ca\/International\/wp-json\/wp\/v2\/comments?post=66520"}],"version-history":[{"count":0,"href":"https:\/\/linitiative.ca\/International\/wp-json\/wp\/v2\/posts\/66520\/revisions"}],"wp:attachment":[{"href":"https:\/\/linitiative.ca\/International\/wp-json\/wp\/v2\/media?parent=66520"}],"wp:term":[{"taxonomy":"category","embeddable":true,"href":"https:\/\/linitiative.ca\/International\/wp-json\/wp\/v2\/categories?post=66520"},{"taxonomy":"post_tag","embeddable":true,"href":"https:\/\/linitiative.ca\/International\/wp-json\/wp\/v2\/tags?post=66520"}],"curies":[{"name":"wp","href":"https:\/\/api.w.org\/{rel}","templated":true}]}}