{"id":66521,"date":"2019-11-04T10:38:00","date_gmt":"2019-11-04T15:38:00","guid":{"rendered":"https:\/\/linitiative.ca\/International\/la-ctama-chargee-de-gerer-le-fonds-dindemnisation-des-agriculteurs-et-pecheurs-victimes-de-calamites-naturelles\/"},"modified":"2019-11-04T10:38:00","modified_gmt":"2019-11-04T15:38:00","slug":"la-ctama-chargee-de-gerer-le-fonds-dindemnisation-des-agriculteurs-et-pecheurs-victimes-de-calamites-naturelles","status":"publish","type":"post","link":"https:\/\/linitiative.ca\/International\/la-ctama-chargee-de-gerer-le-fonds-dindemnisation-des-agriculteurs-et-pecheurs-victimes-de-calamites-naturelles\/","title":{"rendered":"La CTAMA charg\u00e9e de g\u00e9rer le fonds d\u2019indemnisation des agriculteurs et p\u00eacheurs victimes de calamit\u00e9s naturelles"},"content":{"rendered":"<p>Samir Bettaieb jubile ! Ne voit-il pas enfin entrer en vigueur le dispositif d\u2019indemnisation des agriculteurs et p\u00eacheurs victimes de d\u00e9g\u00e2ts suite \u00e0 des calamit\u00e9s naturelles. Le fond y d\u00e9di\u00e9, institu\u00e9 en 2017 par la loi de finances pour l\u2019ann\u00e9e 2018 est activ\u00e9. Sa gestion est confi\u00e9e \u00e0 la CTAMA. Les ressources proviendront d\u2019une dotation annuelle de 30 MD allou\u00e9e par le budget de l\u2019Etat, d\u2019une cotisation de 2.5% sur la valeur des produits et des frais de production \u00e0 payer par les assur\u00e9s eux-m\u00eames et d\u2019une taxe de 1% sur les produits agricoles.<\/p>\n<p>Si la souscription \u00e0 cette assurance est facultative, l\u2019acc\u00e8s \u00e0 la couverture des risques sera limit\u00e9 aux assur\u00e9s. Un grand effort p\u00e9dagogique est n\u00e9cessaire afin d\u2019en expliquer les modalit\u00e9s op\u00e9rationnelles.<br \/>\u00a0<\/p>\n<p>Auteur:<br \/>\n<a href=\"https:\/\/www.leaders.com.tn\/article\/28342-samir-betaieb\">Cliquez ici pour lire l&rsquo;article depuis sa source.<\/a><\/p>\n","protected":false},"excerpt":{"rendered":"<p>Samir Bettaieb jubile ! Ne voit-il pas enfin entrer en vigueur le dispositif d\u2019indemnisation des agriculteurs et p\u00eacheurs victimes de d\u00e9g\u00e2ts suite \u00e0 des calamit\u00e9s naturelles. Le fond y d\u00e9di\u00e9, institu\u00e9 en 2017 par la loi de finances pour l\u2019ann\u00e9e 2018 est activ\u00e9. Sa gestion est confi\u00e9e \u00e0 la CTAMA. Les ressources proviendront d\u2019une dotation [&hellip;]<\/p>\n","protected":false},"author":1772,"featured_media":0,"comment_status":"closed","ping_status":"closed","sticky":false,"template":"","format":"standard","meta":{"fifu_image_url":"","fifu_image_alt":"","footnotes":""},"categories":[73,55],"tags":[],"class_list":["post-66521","post","type-post","status-publish","format-standard","hentry","category-actualite","category-tunisie"],"_links":{"self":[{"href":"https:\/\/linitiative.ca\/International\/wp-json\/wp\/v2\/posts\/66521","targetHints":{"allow":["GET"]}}],"collection":[{"href":"https:\/\/linitiative.ca\/International\/wp-json\/wp\/v2\/posts"}],"about":[{"href":"https:\/\/linitiative.ca\/International\/wp-json\/wp\/v2\/types\/post"}],"author":[{"embeddable":true,"href":"https:\/\/linitiative.ca\/International\/wp-json\/wp\/v2\/users\/1772"}],"replies":[{"embeddable":true,"href":"https:\/\/linitiative.ca\/International\/wp-json\/wp\/v2\/comments?post=66521"}],"version-history":[{"count":0,"href":"https:\/\/linitiative.ca\/International\/wp-json\/wp\/v2\/posts\/66521\/revisions"}],"wp:attachment":[{"href":"https:\/\/linitiative.ca\/International\/wp-json\/wp\/v2\/media?parent=66521"}],"wp:term":[{"taxonomy":"category","embeddable":true,"href":"https:\/\/linitiative.ca\/International\/wp-json\/wp\/v2\/categories?post=66521"},{"taxonomy":"post_tag","embeddable":true,"href":"https:\/\/linitiative.ca\/International\/wp-json\/wp\/v2\/tags?post=66521"}],"curies":[{"name":"wp","href":"https:\/\/api.w.org\/{rel}","templated":true}]}}