{"id":66523,"date":"2019-11-04T12:50:00","date_gmt":"2019-11-04T17:50:00","guid":{"rendered":"https:\/\/linitiative.ca\/International\/samir-gharbi-la-tunisie-a-besoin-dun-etat-des-lieux-pour-avancer\/"},"modified":"2019-11-04T12:50:00","modified_gmt":"2019-11-04T17:50:00","slug":"samir-gharbi-la-tunisie-a-besoin-dun-etat-des-lieux-pour-avancer","status":"publish","type":"post","link":"https:\/\/linitiative.ca\/International\/samir-gharbi-la-tunisie-a-besoin-dun-etat-des-lieux-pour-avancer\/","title":{"rendered":"Samir Gharbi: La Tunisie a besoin d\u2019un \u00e9tat des lieux pour avancer"},"content":{"rendered":"<p><img decoding=\"async\" src=\"\/uploads\/FCK_files\/Samir-Gharbi.jpg\" width=\"30%\" vspace=\"5\" hspace=\"5\" align=\"right\" alt=\"\"\/>Alors que le pays attend\u00a0 toujours que l\u2019Isie proclame les r\u00e9sultats d\u00e9finitifs des \u00e9lections l\u00e9gislatives tenues le 6 octobre\u2026<\/p>\n<p>Alors que les tractations du parti Ennahdha se poursuivent pour former un coalition parlementaire capable de soutenir le futur gouvernement\u2026<\/p>\n<p>Alors que le Pr\u00e9sident de la R\u00e9publique commence \u00e0 former son propre cabinet en ayant nomm\u00e9, entre autres,\u00a0 sa responsable \u00e8s communication, la journaliste Mme Rachida Enneifer\u2026<\/p>\n<p>Alors que le peuple vaque \u00e0 ses pr\u00e9occupations ordinaires\u2026<\/p>\n<p>Que faut-il attendre du Pr\u00e9sident de la R\u00e9publique Ka\u00efs Sa\u00efed ?<\/p>\n<p>J\u2019attends, pour ma part, une premi\u00e8re initiative, ordinaire dans la plupart des pays d\u00e9mocratiques, surtout lors des changements radicaux de gouvernement : faire l\u2019\u00e9tat des lieux de la \u00ab maison \u00bb Tunisie en novembre \u2013 d\u00e9cembre 2019.<\/p>\n<p>Cet \u00e9tat des lieux devrait \u00eatre r\u00e9alis\u00e9, au maximum dans un d\u00e9lai de trois mois, par une commission polyvalente et ind\u00e9pendante d\u2019experts et d\u2019analystes. Les membres de cette commission devront \u00eatre irr\u00e9prochables et guid\u00e9s par le seul int\u00e9r\u00eat g\u00e9n\u00e9ral de la Tunisie. Ils devront avoir acc\u00e8s \u00e0 toutes les donn\u00e9es dans tous les secteurs couverts par leur mission officielle.<\/p>\n<p>Cette mission, d\u00e9finie par le Pr\u00e9sident de la R\u00e9publique, aura pour objectif de dresser un portrait r\u00e9el de la Tunisie, par exemple:<\/p>\n<ul>\n<li>Etat de la fonction publique<\/li>\n<li>Etat de la s\u00e9curit\u00e9 nationale<\/li>\n<li>Etat de la diplomatie<\/li>\n<li>Etat de l\u2019\u00e9conomie g\u00e9n\u00e9rale<\/li>\n<li>Etat des finances publiques<\/li>\n<li>Etat de la dette ext\u00e9rieure<\/li>\n<li>Etat du commerce ext\u00e9rieur<\/li>\n<li>Etat des accords et des projets d\u2019accord avec tous les partenaires \u00e9conomiques, financiers et commerciaux bilat\u00e9raux et multilat\u00e9raux<\/li>\n<li>Etat des entreprises en Tunisie : entreprises ferm\u00e9es depuis 2011, entreprises en difficult\u00e9s, projets en panne\u2026<\/li>\n<li>Etat du code des investissements<\/li>\n<li>R\u00f4le et contribution des partenaires sociaux\u00a0 (syndicats ouvriers, patronat)<\/li>\n<li>R\u00f4le et contribution de la soci\u00e9t\u00e9 civile<\/li>\n<li>Etat des m\u00e9dias (presse \u00e9crite, audiovisuelle, \u00e9lectronique) : statuts, financement, d\u00e9ontologie, r\u00e9gulation (cartes de presse, libert\u00e9s, devoirs)<\/li>\n<li>Etat des enqu\u00eates sur les malversations et les compromis approuv\u00e9s ou \u00e0 approuver<\/li>\n<li>Etat des enqu\u00eates sur les assassinats politiques depuis 2011<\/li>\n<li>Enqu\u00eates sur la gestion des deniers publics depuis 2011<\/li>\n<li>Enqu\u00eates sur les d\u00e9tournements de deniers publics depuis 2011 (y compris sur les dons re\u00e7us par la Tunisie)<\/li>\n<li>Refonte de la loi sur les partis et situation actuelle des partis politiques : statuts, financement, pr\u00e9sence sur le territoire national\u2026<\/li>\n<li>Refonte de la loi sur les associations, en particulier leurs statuts et leur financement<\/li>\n<li>Etat du secteur de l\u2019enseignement public et priv\u00e9<\/li>\n<li>Etat du secteur de la sant\u00e9 publique et des cliniques priv\u00e9es<\/li>\n<li>Etat des projets de loi rest\u00e9s en souffrance de 2014 \u00e0 2019, pourquoi ?<\/li>\n<li>Etat des lois vot\u00e9es qui ne sont pas appliqu\u00e9es faute de d\u00e9crets d\u2019application<\/li>\n<li>Etats des institutions pr\u00e9vues dans la Constitution : composition, expertise, financement, r\u00f4le.<\/li>\n<\/ul>\n<p>Vous verrez, Monsieur le pr\u00e9sident de la R\u00e9publique, que vous d\u00e9couvrirez \u00e0 l\u2019issue des travaux de cette Commission tous les dysfonctionnements qui entravent aujourd\u2019hui le progr\u00e8s de la Tunisie. Un probl\u00e8me identifi\u00e9 est \u00e0 moiti\u00e9 r\u00e9solu, dit l\u2019adage. Et ce n\u2019est qu\u2019ainsi \u2013 en d\u00e9couvrant la v\u00e9rit\u00e9 sur les legs de la p\u00e9riode 2011-2019 que vous pourriez remettre le pays en marche. C\u2019est, je suis s\u00fbr, une demande que vous avez certainement entendue de la part des Tunisiens que vous avez rencontr\u00e9s au cours de votre campagne \u00e9lectorale.<\/p>\n<p>Sachez seulement, et je ne doute pas de votre perspicacit\u00e9, que certains partis et certains lobbies feront tout pour vous dissuader de cr\u00e9er pareille Commission ou pour entraver ses travaux. Mais vous avez le peuple derri\u00e8re vous et le jugement de l\u2019Histoire devant vous.<\/p>\n<p>Il est \u00e9vident que la synth\u00e8se des travaux de cette Commission devra \u00eatre rendue publique et d\u00e9battue. Le salut de la Tunisie est \u00e0 ce prix. Sinon, le pays continuera de naviguer \u00e0 vue d\u2019\u0153il en fonction des int\u00e9r\u00eats \u00e9troits de son microcosme politique.<\/p>\n<p class=\"c2\"><strong>Samir Gharbi<\/strong><br \/>\u00a0<\/p>\n<p>Auteur:<br \/>\n<a href=\"https:\/\/www.leaders.com.tn\/article\/28343-samir-gharbi-la-tunisie-a-besoin-d-un-etat-des-lieux-pour-avancer\">Cliquez ici pour lire l&rsquo;article depuis sa source.<\/a><\/p>\n","protected":false},"excerpt":{"rendered":"<p>Alors que le pays attend\u00a0 toujours que l\u2019Isie proclame les r\u00e9sultats d\u00e9finitifs des \u00e9lections l\u00e9gislatives tenues le 6 octobre\u2026 Alors que les tractations du parti Ennahdha se poursuivent pour former un coalition parlementaire capable de soutenir le futur gouvernement\u2026 Alors que le Pr\u00e9sident de la R\u00e9publique commence \u00e0 former son propre cabinet en ayant nomm\u00e9, [&hellip;]<\/p>\n","protected":false},"author":1772,"featured_media":66524,"comment_status":"closed","ping_status":"closed","sticky":false,"template":"","format":"standard","meta":{"fifu_image_url":"","fifu_image_alt":"","footnotes":""},"categories":[73,55],"tags":[],"class_list":["post-66523","post","type-post","status-publish","format-standard","has-post-thumbnail","hentry","category-actualite","category-tunisie"],"_links":{"self":[{"href":"https:\/\/linitiative.ca\/International\/wp-json\/wp\/v2\/posts\/66523","targetHints":{"allow":["GET"]}}],"collection":[{"href":"https:\/\/linitiative.ca\/International\/wp-json\/wp\/v2\/posts"}],"about":[{"href":"https:\/\/linitiative.ca\/International\/wp-json\/wp\/v2\/types\/post"}],"author":[{"embeddable":true,"href":"https:\/\/linitiative.ca\/International\/wp-json\/wp\/v2\/users\/1772"}],"replies":[{"embeddable":true,"href":"https:\/\/linitiative.ca\/International\/wp-json\/wp\/v2\/comments?post=66523"}],"version-history":[{"count":0,"href":"https:\/\/linitiative.ca\/International\/wp-json\/wp\/v2\/posts\/66523\/revisions"}],"wp:featuredmedia":[{"embeddable":true,"href":"https:\/\/linitiative.ca\/International\/wp-json\/"}],"wp:attachment":[{"href":"https:\/\/linitiative.ca\/International\/wp-json\/wp\/v2\/media?parent=66523"}],"wp:term":[{"taxonomy":"category","embeddable":true,"href":"https:\/\/linitiative.ca\/International\/wp-json\/wp\/v2\/categories?post=66523"},{"taxonomy":"post_tag","embeddable":true,"href":"https:\/\/linitiative.ca\/International\/wp-json\/wp\/v2\/tags?post=66523"}],"curies":[{"name":"wp","href":"https:\/\/api.w.org\/{rel}","templated":true}]}}