{"id":66530,"date":"2019-11-04T11:29:59","date_gmt":"2019-11-04T16:29:59","guid":{"rendered":"https:\/\/linitiative.ca\/International\/coupe-arabe-des-clubs-champions-tout-ce-quil-faut-savoir-sur-laffaire-malango\/"},"modified":"2019-11-04T11:29:59","modified_gmt":"2019-11-04T16:29:59","slug":"coupe-arabe-des-clubs-champions-tout-ce-quil-faut-savoir-sur-laffaire-malango","status":"publish","type":"post","link":"https:\/\/linitiative.ca\/International\/coupe-arabe-des-clubs-champions-tout-ce-quil-faut-savoir-sur-laffaire-malango\/","title":{"rendered":"Coupe arabe des clubs champions : Tout ce qu\u2019il faut savoir sur l\u2019affaire  Malango"},"content":{"rendered":"<p><strong>L\u2019objection technique du Wydad de Casablanca contre le Raja en ce qui concerne l\u2019affaire de Ben Malango<\/strong> <strong>a suscit\u00e9 une controverse quant \u00e0 la l\u00e9galit\u00e9 de sa participation au match de la Coupe\u00a0arabe des clubs champions.<\/strong><\/p>\n<div class=\"c10\"\/>\n<p>Les lois de la F\u00e9d\u00e9ration arabe de football stipulent que chaque club participant au tournoi a le droit d\u2019inscrire joueurs sur sa liste \u00ab\u00a0finale\u00a0\u00bb. Chaque \u00e9quipe a un minimum de 3 gardiens de but, un maximum de 5 gardiens et 5 joueurs non nationaux, y compris un gardien de but. Chaque club peut inscrire 5 joueurs non nationaux dans la liste des matchs et tous ont le droit de participer.<\/p>\n<p>Les lois de la F\u00e9d\u00e9ration arabe ajoutent que le joueur doit \u00eatre inscrit sur la liste du club de sa f\u00e9d\u00e9ration locale, ainsi qu\u2019il doit \u00eatre approuv\u00e9 dans la liste de son \u00e9quipe par la F\u00e9d\u00e9ration arabe et que le nom du joueur est identique \u00e0 son passeport en cours de validit\u00e9.<\/p>\n<p>Pour les joueurs \u00e9trangers, le nom du joueur doit figurer dans la liste des \u00e9quipes locales et dans la liste du championnat arabe, et le contrat sign\u00e9 entre le joueur et le club n\u2019est pas acceptable pendant une p\u00e9riode de 6 mois en cas de pr\u00eat ou au moins une saison sportive compl\u00e8te en cas de transfert d\u00e9finitif.<\/p>\n<p><img decoding=\"async\" src=\"https:\/\/www.challenge.ma\/wp-content\/uploads\/2019\/11\/uafa.png\" alt=\"\" class=\"wp-image-122267\" srcset=\"https:\/\/www.challenge.ma\/wp-content\/uploads\/2019\/11\/uafa.png 473w, https:\/\/www.challenge.ma\/wp-content\/uploads\/2019\/11\/uafa-300x253.png 300w, https:\/\/www.challenge.ma\/wp-content\/uploads\/2019\/11\/uafa-360x304.png 360w, https:\/\/www.challenge.ma\/wp-content\/uploads\/2019\/11\/uafa-70x60.png 70w\" sizes=\"(max-width: 473px) 100vw, 473px\"\/><\/p>\n<p>La direction du Wydad a formul\u00e9 une objection car la date butoir pour que l\u2019Union arabe\u00a0de\u00a0football re\u00e7oive la liste des joueurs participant \u00e0 l\u2019actuelle \u00e9dition du Championnat arabe est le 17 ao\u00fbt, tandis que la FRMF a qualifi\u00e9 Malongo pour qu\u2019il puisse jouer avec le Raja le 19 du m\u00eame mois.<\/p>\n<p><img decoding=\"async\" src=\"https:\/\/www.challenge.ma\/wp-content\/uploads\/2019\/11\/malongooo.jpg\" alt=\"\" class=\"wp-image-122261\" srcset=\"https:\/\/www.challenge.ma\/wp-content\/uploads\/2019\/11\/malongooo.jpg 600w, https:\/\/www.challenge.ma\/wp-content\/uploads\/2019\/11\/malongooo-218x300.jpg 218w, https:\/\/www.challenge.ma\/wp-content\/uploads\/2019\/11\/malongooo-360x496.jpg 360w\" sizes=\"(max-width: 600px) 100vw, 600px\"\/><\/p>\n<p>Si le recours est refus\u00e9, le Wydad devra s\u2019acquitter d\u2019une amende de 2.000 dollars. Affaire \u00e0 suivre\u2026<\/p>\n<div class=\"c17\">\n<fieldset class=\"c16\">\n<legend><strong><span class=\"c11\">Challenge<\/span><span class=\"c12\">news<\/span><\/strong><\/legend>\n<div class=\"c15\">Le meilleur de la r\u00e9daction s\u00e9lectionn\u00e9 par Challenge :<\/p>\n<\/div>\n<\/fieldset>\n<\/div>\n<p>Auteur: Hajar DARI<br \/>\n<a href=\"https:\/\/www.challenge.ma\/coupe-arabe-coupe-arabe-des-clubs-champions-tout-ce-quil-faut-savoir-sur-laffaire-de-malangodes-clubs-champions-tous-ce-quil-faut-savoir-sur-laffaire-de-malongo-122254\/\">Cliquez ici pour lire l&rsquo;article depuis sa source.<\/a><\/p>\n","protected":false},"excerpt":{"rendered":"<p>L\u2019objection technique du Wydad de Casablanca contre le Raja en ce qui concerne l\u2019affaire de Ben Malango a suscit\u00e9 une controverse quant \u00e0 la l\u00e9galit\u00e9 de sa participation au match de la Coupe\u00a0arabe des clubs champions. Les lois de la F\u00e9d\u00e9ration arabe de football stipulent que chaque club participant au tournoi a le droit d\u2019inscrire [&hellip;]<\/p>\n","protected":false},"author":1787,"featured_media":66531,"comment_status":"closed","ping_status":"closed","sticky":false,"template":"","format":"standard","meta":{"fifu_image_url":"","fifu_image_alt":"","footnotes":""},"categories":[78,54],"tags":[],"class_list":["post-66530","post","type-post","status-publish","format-standard","has-post-thumbnail","hentry","category-economie","category-maroc"],"_links":{"self":[{"href":"https:\/\/linitiative.ca\/International\/wp-json\/wp\/v2\/posts\/66530","targetHints":{"allow":["GET"]}}],"collection":[{"href":"https:\/\/linitiative.ca\/International\/wp-json\/wp\/v2\/posts"}],"about":[{"href":"https:\/\/linitiative.ca\/International\/wp-json\/wp\/v2\/types\/post"}],"author":[{"embeddable":true,"href":"https:\/\/linitiative.ca\/International\/wp-json\/wp\/v2\/users\/1787"}],"replies":[{"embeddable":true,"href":"https:\/\/linitiative.ca\/International\/wp-json\/wp\/v2\/comments?post=66530"}],"version-history":[{"count":0,"href":"https:\/\/linitiative.ca\/International\/wp-json\/wp\/v2\/posts\/66530\/revisions"}],"wp:featuredmedia":[{"embeddable":true,"href":"https:\/\/linitiative.ca\/International\/wp-json\/"}],"wp:attachment":[{"href":"https:\/\/linitiative.ca\/International\/wp-json\/wp\/v2\/media?parent=66530"}],"wp:term":[{"taxonomy":"category","embeddable":true,"href":"https:\/\/linitiative.ca\/International\/wp-json\/wp\/v2\/categories?post=66530"},{"taxonomy":"post_tag","embeddable":true,"href":"https:\/\/linitiative.ca\/International\/wp-json\/wp\/v2\/tags?post=66530"}],"curies":[{"name":"wp","href":"https:\/\/api.w.org\/{rel}","templated":true}]}}