{"id":66532,"date":"2019-11-04T11:58:53","date_gmt":"2019-11-04T16:58:53","guid":{"rendered":"https:\/\/linitiative.ca\/International\/nezha-bouchareb-a-lecoute-des-professionnels-de-lhabitat\/"},"modified":"2019-11-04T11:58:53","modified_gmt":"2019-11-04T16:58:53","slug":"nezha-bouchareb-a-lecoute-des-professionnels-de-lhabitat","status":"publish","type":"post","link":"https:\/\/linitiative.ca\/International\/nezha-bouchareb-a-lecoute-des-professionnels-de-lhabitat\/","title":{"rendered":"Nezha Bouchareb \u00e0 l\u2019\u00e9coute des professionnels de l\u2019Habitat"},"content":{"rendered":"<p><strong>La ministre de l\u2019Am\u00e9nagement du territoire national, de l\u2019urbanisme, de l\u2019habitat et de la politique de la ville, Nezha Bouchareb, a pr\u00e9sid\u00e9 vendredi \u00e0 Rabat deux s\u00e9ances de travail avec les repr\u00e9sentants de la F\u00e9d\u00e9ration nationale des promoteurs immobiliers (FNPI) et de la F\u00e9d\u00e9ration marocaine du conseil et de l\u2019ing\u00e9nierie (FMCI).<\/strong><\/p>\n<div class=\"c10\"\/>\n<p>Lors de la rencontre avec la FNPI, la ministre a soulign\u00e9 \u00ab\u00a0l\u2019importance de l\u2019acc\u00e8s au logement dans l\u2019am\u00e9lioration des conditions de vie des m\u00e9nages, participant ainsi au d\u00e9veloppement humain et \u00e0 la coh\u00e9sion sociale\u00a0\u00bb, tout en insistant sur \u00ab\u00a0le renforcement de la d\u00e9marche participative et concert\u00e9e, dans la mise en place des politiques publiques en mati\u00e8re d\u2019habitat, dans laquelle s\u2019est engag\u00e9 le gouvernement\u00a0\u00bb.<\/p>\n<p>Plusieurs probl\u00e9matiques relatives au renforcement de la qualit\u00e9 et de l\u2019offre en logements ont \u00e9t\u00e9 \u00e9voqu\u00e9es, ainsi que les moyens permettant de les d\u00e9passer dans le cadre d\u2019un \u00e9cosyst\u00e8me productif et d\u2019un cadre partenarial, confirmant l\u2019importance de la contribution du secteur priv\u00e9 dans l\u2019investissement et le d\u00e9veloppement du cadre de vie des m\u00e9nages, pr\u00e9cise un communiqu\u00e9 du minist\u00e8re.<\/p>\n<p>\u00ab\u00a0Nous croyons fortement que le secteur de l\u2019habitat est un des leviers du nouveau mod\u00e8le de d\u00e9veloppement \u00e9conomique. Nous devons travailler ensemble avec le minist\u00e8re, main dans la main, pour aller de l\u2019avant\u00a0\u00bb, a indiqu\u00e9 de son c\u00f4t\u00e9 le pr\u00e9sident de la FNPI, Kamil Taoufik.<\/p>\n<p>Au cours de cette entrevue, des propositions ont \u00e9t\u00e9 faites notamment sur l\u2019avenir du logement social au del\u00e0 de 2020, la classe moyenne et le financement aux acqu\u00e9reurs. Les deux parties se sont en outre engag\u00e9es en faveur de la mise en place de mesures innovantes pour l\u2019avenir, dans un esprit de co-construction.<\/p>\n<p>D\u2019un autre c\u00f4t\u00e9, Bouchareb a eu des entretiens avec les membres du bureau de la FMCI, ax\u00e9s sur le partenariat entre le minist\u00e8re et la F\u00e9d\u00e9ration, les chantiers institutionnels et r\u00e9glementaires initi\u00e9s par le minist\u00e8re et les diff\u00e9rents points d\u2019int\u00e9r\u00eat commun.<\/p>\n<p>A cette occasion, le pr\u00e9sident de la FMCI Nabil Benazzouz a expos\u00e9 les chiffres du secteur, le syst\u00e8me de gouvernance de la f\u00e9d\u00e9ration, les diff\u00e9rentes actions men\u00e9es relatives \u00e0 l\u2019organisation et l\u2019encadrement de la profession, les chantiers institutionnels et r\u00e9glementaires initi\u00e9s par le minist\u00e8re en concertation avec la FMCI, tout en mettant en exergue les diff\u00e9rentes contraintes \u00e0 relever.<\/p>\n<p>\u00ab\u00a0Cette rencontre s\u2019inscrit dans une continuit\u00e9 tr\u00e8s positive et nous esp\u00e9rons que le pilotage de Bouchareb va aboutir aux r\u00e9sultats souhait\u00e9s pour notre pays, notre profession et nos projets\u00a0\u00bb, a t-il affirm\u00e9.<\/p>\n<p>A l\u2019issue de cette rencontre, la ministre a r\u00e9it\u00e9r\u00e9 l\u2019engagement du minist\u00e8re \u00e0 appuyer l\u2019organisation de la profession du conseil et de l\u2019ing\u00e9nierie.<\/p>\n<p>Elle a mis l\u2019accent dans ce sens sur l\u2019importance de renforcer la concertation et la collaboration entre le minist\u00e8re et la f\u00e9d\u00e9ration afin de mener \u00e0 bien les diff\u00e9rents projets du secteur, ainsi que sur le r\u00f4le de la FMCI pour accompagner le minist\u00e8re dans son processus de d\u00e9finition d\u2019une nouvelle trajectoire permettant d\u2019atteindre les objectifs strat\u00e9giques du secteur.<\/p>\n<p>Les deux f\u00e9d\u00e9rations s\u2019inscrivent dans le dialogue permanent entre le minist\u00e8re et les professionnels du secteur de l\u2019habitat et de la construction. Des r\u00e9unions avec d\u2019autres f\u00e9d\u00e9rations et ordres professionnels suivront, conclut le communiqu\u00e9.<\/p>\n<div class=\"c17\">\n<fieldset class=\"c16\">\n<legend><strong><span class=\"c11\">Challenge<\/span><span class=\"c12\">news<\/span><\/strong><\/legend>\n<div class=\"c15\">Le meilleur de la r\u00e9daction s\u00e9lectionn\u00e9 par Challenge :<\/p>\n<\/div>\n<\/fieldset>\n<\/div>\n<p>Auteur: challenge<br \/>\n<a href=\"https:\/\/www.challenge.ma\/nezha-bouchareb-a-lecoute-des-professionnels-de-lhabitat-122271\/\">Cliquez ici pour lire l&rsquo;article depuis sa source.<\/a><\/p>\n","protected":false},"excerpt":{"rendered":"<p>La ministre de l\u2019Am\u00e9nagement du territoire national, de l\u2019urbanisme, de l\u2019habitat et de la politique de la ville, Nezha Bouchareb, a pr\u00e9sid\u00e9 vendredi \u00e0 Rabat deux s\u00e9ances de travail avec les repr\u00e9sentants de la F\u00e9d\u00e9ration nationale des promoteurs immobiliers (FNPI) et de la F\u00e9d\u00e9ration marocaine du conseil et de l\u2019ing\u00e9nierie (FMCI). Lors de la rencontre [&hellip;]<\/p>\n","protected":false},"author":1787,"featured_media":0,"comment_status":"closed","ping_status":"closed","sticky":false,"template":"","format":"standard","meta":{"fifu_image_url":"","fifu_image_alt":"","footnotes":""},"categories":[78,54],"tags":[],"class_list":["post-66532","post","type-post","status-publish","format-standard","hentry","category-economie","category-maroc"],"_links":{"self":[{"href":"https:\/\/linitiative.ca\/International\/wp-json\/wp\/v2\/posts\/66532","targetHints":{"allow":["GET"]}}],"collection":[{"href":"https:\/\/linitiative.ca\/International\/wp-json\/wp\/v2\/posts"}],"about":[{"href":"https:\/\/linitiative.ca\/International\/wp-json\/wp\/v2\/types\/post"}],"author":[{"embeddable":true,"href":"https:\/\/linitiative.ca\/International\/wp-json\/wp\/v2\/users\/1787"}],"replies":[{"embeddable":true,"href":"https:\/\/linitiative.ca\/International\/wp-json\/wp\/v2\/comments?post=66532"}],"version-history":[{"count":0,"href":"https:\/\/linitiative.ca\/International\/wp-json\/wp\/v2\/posts\/66532\/revisions"}],"wp:attachment":[{"href":"https:\/\/linitiative.ca\/International\/wp-json\/wp\/v2\/media?parent=66532"}],"wp:term":[{"taxonomy":"category","embeddable":true,"href":"https:\/\/linitiative.ca\/International\/wp-json\/wp\/v2\/categories?post=66532"},{"taxonomy":"post_tag","embeddable":true,"href":"https:\/\/linitiative.ca\/International\/wp-json\/wp\/v2\/tags?post=66532"}],"curies":[{"name":"wp","href":"https:\/\/api.w.org\/{rel}","templated":true}]}}