{"id":66533,"date":"2019-11-04T13:04:34","date_gmt":"2019-11-04T18:04:34","guid":{"rendered":"https:\/\/linitiative.ca\/International\/marche-automobile-lembellie-se-poursuit-en-octobre\/"},"modified":"2019-11-04T13:04:34","modified_gmt":"2019-11-04T18:04:34","slug":"marche-automobile-lembellie-se-poursuit-en-octobre","status":"publish","type":"post","link":"https:\/\/linitiative.ca\/International\/marche-automobile-lembellie-se-poursuit-en-octobre\/","title":{"rendered":"March\u00e9 automobile : l\u2019embellie se poursuit en octobre"},"content":{"rendered":"<p><strong>Les derni\u00e8res statistiques de l\u2019Association des importateurs de v\u00e9hicules au Maroc en attestent\u00a0: les ventes de voitures neuves ont enregistr\u00e9 une progression appr\u00e9ciable durant le mois d\u2019octobre. Une tendance qui pourrait se confirmer durant les deux derniers mois de l\u2019ann\u00e9e.<\/strong>\u00a0<\/p>\n<div class=\"c10\"\/>\n<p>Si l\u2019on en croit la derni\u00e8re livr\u00e9e statistique de l\u2019Association des importateurs de v\u00e9hicules au Maroc, les affaires ont \u00e9t\u00e9 un peu plus prosp\u00e8res pour le seul mois d\u2019octobre (c\u2019\u00e9tait le cas \u00e9galement en septembre dernier) avec une hausse du volume de vente estim\u00e9e \u00e0 4,6% comparativement aux ventes d\u2019octobre 2018. En clair il s\u2019est \u00e9coul\u00e9 13 213 v\u00e9hicules neufs tous segments confondus le mois dernier. En revanche, et au global, le volume des ventes a atteint 130 681 unit\u00e9s, soit un recul de -7,34% par rapport \u00e0 la m\u00eame p\u00e9riode de l\u2019ann\u00e9e derni\u00e8re.<\/p>\n<p>Parlons chiffres\u00a0: la cat\u00e9gorie des v\u00e9hicules particuliers a enregistr\u00e9 116\u00a0214 ventes \u00e0 fin octobre 2019, soit un recul de -10,16%. Pas de changements notables s\u2019agissant du podium des ventes pour les v\u00e9hicules particuliers\u00a0; Dacia (Renault Maroc) demeure toujours en t\u00eate avec 34\u00a0823 v\u00e9hicules \u00e9coul\u00e9s. Cependant, la marque franco-roumaine r\u00e9gresse au global de -11,04 % par rapport \u00e0 2018. M\u00eame cas de figure chez Renault (Renault Maroc) qui, bien que demeurant sur la deuxi\u00e8me marche du podium avec 16\u00a0926 voitures vendues, enregistre un ralentissement de ses ventes, compar\u00e9 \u00e0 la m\u00eame p\u00e9riode de l\u2019ann\u00e9e derni\u00e8re (-6,03%). C\u2019est Peugeot (Sopriam) qui s\u2019accapare la troisi\u00e8me marche du podium, la marque au Lion qui voit ses ventes progresser. En effet, 8\u00a0599 v\u00e9hicules ont \u00e9t\u00e9 immatricul\u00e9s depuis le d\u00e9but de l\u2019ann\u00e9e, soit une progression de 6,25% par rapport \u00e0 la m\u00eame p\u00e9riode un an auparavant.<\/p>\n<p>Le segment des voitures de luxe demeure toujours une affaire allemande, Mercedes (AutoNejma) ayant repris les commandes avec 2\u00a0124 unit\u00e9s vendues depuis le d\u00e9but de l\u2019ann\u00e9e (malgr\u00e9 une r\u00e9gression de -11,98% par rapport \u00e0 octobre 2018). BMW (Smeia) occupe la deuxi\u00e8me marche du podium avec 2\u00a0075 mod\u00e8les \u00e9coul\u00e9s (-7,28%). Audi s\u2019octroie la troisi\u00e8me place avec 1\u00a0588 unit\u00e9s vendues \u00e0 fin octobre (-22,2%).<\/p>\n<p><strong>Le VUL performe<\/strong><\/p>\n<p>Tous les indicateurs semblent au vert s\u2019agissant du segment des utilitaires l\u00e9gers qui, depuis le d\u00e9but de l\u2019ann\u00e9e, se porte bien. \u00c0 fin octobre, 14 470 v\u00e9hicules ont \u00e9t\u00e9 vendus, soit une \u00e9volution de 23,97% entre 2018 et 2019. C\u2019est Renault qui d\u00e9croche la premi\u00e8re marche du podium, la firme au losange ayant \u00e9coul\u00e9 2\u00a0668 utilitaires l\u00e9gers \u00e0 fin octobre, soit une \u00e9volution de 2,58%. Ford (Scama-Auto Hall) conserve la deuxi\u00e8me marche du podium avec 2\u00a0130 unit\u00e9s vendues (+16,58%). On retrouve sur la troisi\u00e8me marche du podium Mitsubishi (Diamond Motors-Auto Hall) qui a vendu 1\u00a0488 v\u00e9hicules, soit une croissance de 18,28%.<\/p>\n<div class=\"c17\">\n<fieldset class=\"c16\">\n<legend><strong><span class=\"c11\">Challenge<\/span><span class=\"c12\">news<\/span><\/strong><\/legend>\n<div class=\"c15\">Le meilleur de la r\u00e9daction s\u00e9lectionn\u00e9 par Challenge :<\/p>\n<\/div>\n<\/fieldset>\n<\/div>\n<p>Auteur: David J\u00e9r\u00e9mie<br \/>\n<a href=\"https:\/\/www.challenge.ma\/marche-automobile-lembellie-se-poursuit-en-octobre-122306\/\">Cliquez ici pour lire l&rsquo;article depuis sa source.<\/a><\/p>\n","protected":false},"excerpt":{"rendered":"<p>Les derni\u00e8res statistiques de l\u2019Association des importateurs de v\u00e9hicules au Maroc en attestent\u00a0: les ventes de voitures neuves ont enregistr\u00e9 une progression appr\u00e9ciable durant le mois d\u2019octobre. Une tendance qui pourrait se confirmer durant les deux derniers mois de l\u2019ann\u00e9e.\u00a0 Si l\u2019on en croit la derni\u00e8re livr\u00e9e statistique de l\u2019Association des importateurs de v\u00e9hicules au [&hellip;]<\/p>\n","protected":false},"author":1787,"featured_media":0,"comment_status":"closed","ping_status":"closed","sticky":false,"template":"","format":"standard","meta":{"fifu_image_url":"","fifu_image_alt":"","footnotes":""},"categories":[78,54],"tags":[],"class_list":["post-66533","post","type-post","status-publish","format-standard","hentry","category-economie","category-maroc"],"_links":{"self":[{"href":"https:\/\/linitiative.ca\/International\/wp-json\/wp\/v2\/posts\/66533","targetHints":{"allow":["GET"]}}],"collection":[{"href":"https:\/\/linitiative.ca\/International\/wp-json\/wp\/v2\/posts"}],"about":[{"href":"https:\/\/linitiative.ca\/International\/wp-json\/wp\/v2\/types\/post"}],"author":[{"embeddable":true,"href":"https:\/\/linitiative.ca\/International\/wp-json\/wp\/v2\/users\/1787"}],"replies":[{"embeddable":true,"href":"https:\/\/linitiative.ca\/International\/wp-json\/wp\/v2\/comments?post=66533"}],"version-history":[{"count":0,"href":"https:\/\/linitiative.ca\/International\/wp-json\/wp\/v2\/posts\/66533\/revisions"}],"wp:attachment":[{"href":"https:\/\/linitiative.ca\/International\/wp-json\/wp\/v2\/media?parent=66533"}],"wp:term":[{"taxonomy":"category","embeddable":true,"href":"https:\/\/linitiative.ca\/International\/wp-json\/wp\/v2\/categories?post=66533"},{"taxonomy":"post_tag","embeddable":true,"href":"https:\/\/linitiative.ca\/International\/wp-json\/wp\/v2\/tags?post=66533"}],"curies":[{"name":"wp","href":"https:\/\/api.w.org\/{rel}","templated":true}]}}