{"id":66534,"date":"2019-11-04T13:38:12","date_gmt":"2019-11-04T18:38:12","guid":{"rendered":"https:\/\/linitiative.ca\/International\/video-benchaaboun-le-secteur-prive-doit-a-son-tour-publier-les-delais-de-paiement\/"},"modified":"2019-11-04T13:38:12","modified_gmt":"2019-11-04T18:38:12","slug":"video-benchaaboun-le-secteur-prive-doit-a-son-tour-publier-les-delais-de-paiement","status":"publish","type":"post","link":"https:\/\/linitiative.ca\/International\/video-benchaaboun-le-secteur-prive-doit-a-son-tour-publier-les-delais-de-paiement\/","title":{"rendered":"[vid\u00e9o] Bencha\u00e2boun : \u00ab Le secteur priv\u00e9 doit \u00e0 son tour publier les d\u00e9lais de paiement \u00bb"},"content":{"rendered":"<p><strong>Invit\u00e9 par la CGEM pour d\u00e9battre autour<\/strong> <strong>du PLF 2020, le ministre de l\u2019\u00c9conomie, des Finances et de la R\u00e9forme de l\u2019administration a exhort\u00e9 le secteur priv\u00e9 \u00e0 emboiter le pas au secteur public en mati\u00e8re de d\u00e9lais de paiement.<\/strong><\/p>\n<div class=\"c10\"\/>\n<p>Intervenant ce lundi 4 novembre 2019 \u00e0 Casablanca, lors de la conf\u00e9rence organis\u00e9e par la\u00a0<strong>CGEM\u00a0<\/strong>autour du Th\u00e8me \u00ab Projet de Loi de Finances 2020 : pour la consolidation de la confiance et la relance de l\u2019investissement \u00bb, Mohamed Bencha\u00e2boun s\u2019est appesanti sur les mesures adopt\u00e9es dans le projet de\u00a0<strong>loi de Finances 2020<\/strong>\u00a0pour \u00ab consolider la confiance \u00bb, notamment les d\u00e9lais de paiement et la fluidit\u00e9 des op\u00e9rations de change. Selon, le ministre de l\u2019\u00c9conomie, des Finances et de la R\u00e9forme de l\u2019Administration, son d\u00e9partement a commenc\u00e9 \u00e0 publier, depuis le 31 octobre dernier de mani\u00e8re progressive, sur le site de l\u2019Observatoire des D\u00e9lais de Paiement h\u00e9berg\u00e9 au niveau de son portail, les d\u00e9lais de paiement d\u00e9clar\u00e9s par les entreprises et \u00e9tablissements publics (EEP). Il a tenu \u00e0 rappeler que son minist\u00e8re a ainsi honor\u00e9 ses engagements pris \u00e0 travers la Circulaire adress\u00e9e aux EEP, le 21 juin dernier, et qui arr\u00eate le mois d\u2019octobre 2019 comme date de d\u00e9but pour la publication des <strong>d\u00e9lais de paiement<\/strong> des EEP.<\/p>\n<p>Le ministre a ainsi profit\u00e9 de l\u2019occasion pour demander au secteur priv\u00e9 de r\u00e9gler \u00e9galement la question du recouvrement. \u00ab Si on veut que l\u2019\u00e9conomie soit irrigu\u00e9e, il ne faut pas que l\u2019argent soit bloqu\u00e9. Les entreprises priv\u00e9es doivent \u00e0 leur tour publier les d\u00e9lais de paiement \u00bb, a-t-il souhait\u00e9. Mohamed Bencha\u00e2boun a \u00e9galement pr\u00e9cis\u00e9 qu\u2019un ensemble de mesures r\u00e9glementaires est en cours de d\u00e9ploiement pour fluidifier les op\u00e9rations de\u00a0<strong>changes<\/strong>.<\/p>\n<div class=\"c18\">\n<fieldset class=\"c17\">\n<legend><strong><span class=\"c12\">Challenge<\/span><span class=\"c13\">news<\/span><\/strong><\/legend>\n<div class=\"c16\">Le meilleur de la r\u00e9daction s\u00e9lectionn\u00e9 par Challenge :<\/p>\n<\/div>\n<\/fieldset>\n<\/div>\n<p>Auteur: challenge<br \/>\n<a href=\"https:\/\/www.challenge.ma\/benchaaboun-le-secteur-prive-doit-a-son-tour-publier-les-delais-de-paiement-122311\/\">Cliquez ici pour lire l&rsquo;article depuis sa source.<\/a><\/p>\n","protected":false},"excerpt":{"rendered":"<p>Invit\u00e9 par la CGEM pour d\u00e9battre autour du PLF 2020, le ministre de l\u2019\u00c9conomie, des Finances et de la R\u00e9forme de l\u2019administration a exhort\u00e9 le secteur priv\u00e9 \u00e0 emboiter le pas au secteur public en mati\u00e8re de d\u00e9lais de paiement. Intervenant ce lundi 4 novembre 2019 \u00e0 Casablanca, lors de la conf\u00e9rence organis\u00e9e par la\u00a0CGEM\u00a0autour [&hellip;]<\/p>\n","protected":false},"author":1787,"featured_media":0,"comment_status":"closed","ping_status":"closed","sticky":false,"template":"","format":"standard","meta":{"fifu_image_url":"","fifu_image_alt":"","footnotes":""},"categories":[78,54],"tags":[],"class_list":["post-66534","post","type-post","status-publish","format-standard","hentry","category-economie","category-maroc"],"_links":{"self":[{"href":"https:\/\/linitiative.ca\/International\/wp-json\/wp\/v2\/posts\/66534","targetHints":{"allow":["GET"]}}],"collection":[{"href":"https:\/\/linitiative.ca\/International\/wp-json\/wp\/v2\/posts"}],"about":[{"href":"https:\/\/linitiative.ca\/International\/wp-json\/wp\/v2\/types\/post"}],"author":[{"embeddable":true,"href":"https:\/\/linitiative.ca\/International\/wp-json\/wp\/v2\/users\/1787"}],"replies":[{"embeddable":true,"href":"https:\/\/linitiative.ca\/International\/wp-json\/wp\/v2\/comments?post=66534"}],"version-history":[{"count":0,"href":"https:\/\/linitiative.ca\/International\/wp-json\/wp\/v2\/posts\/66534\/revisions"}],"wp:attachment":[{"href":"https:\/\/linitiative.ca\/International\/wp-json\/wp\/v2\/media?parent=66534"}],"wp:term":[{"taxonomy":"category","embeddable":true,"href":"https:\/\/linitiative.ca\/International\/wp-json\/wp\/v2\/categories?post=66534"},{"taxonomy":"post_tag","embeddable":true,"href":"https:\/\/linitiative.ca\/International\/wp-json\/wp\/v2\/tags?post=66534"}],"curies":[{"name":"wp","href":"https:\/\/api.w.org\/{rel}","templated":true}]}}