{"id":66539,"date":"2019-11-04T12:37:53","date_gmt":"2019-11-04T17:37:53","guid":{"rendered":"https:\/\/linitiative.ca\/International\/tunisie-les-inscriptions-au-pelerinage-commencent-le-12-novembre-courant\/"},"modified":"2019-11-04T12:37:53","modified_gmt":"2019-11-04T17:37:53","slug":"tunisie-les-inscriptions-au-pelerinage-commencent-le-12-novembre-courant","status":"publish","type":"post","link":"https:\/\/linitiative.ca\/International\/tunisie-les-inscriptions-au-pelerinage-commencent-le-12-novembre-courant\/","title":{"rendered":"Tunisie- Les inscriptions au p\u00e8lerinage commencent le 12 novembre courant"},"content":{"rendered":"<div class=\"post-cont-in left relative\">\n<div class=\"swp_social_panel swp_horizontal_panel swp_flat_fresh swp_default_full_color swp_individual_full_color swp_other_full_color scale-100 scale-\" data-min-width=\"1100\" data-float-color=\"#ffffff\" data-float=\"none\" data-float-mobile=\"none\" data-transition=\"slide\">\n<div class=\"nc_tweetContainer swp_share_button total_shares total_sharesalt\"><span class=\"swp_count\">17 <span class=\"swp_label\">Partages<\/span><\/span><\/div>\n<\/div>\n<p>L\u2019inscription au p\u00e8lerinage pour l\u2019ann\u00e9e 2020 (1441 H\u00e9gire) sera effectu\u00e9e sur le site officiel du minist\u00e8re des Affaires Religieuses\u00a0<a href=\"http:\/\/www.affaires-religieuses.tn\/\" target=\"_blank\" rel=\"noopener noreferrer\">affaires-religieuses.tn,<\/a>\u00a0du 12 novembre courant au 8 d\u00e9cembre prochain, a annonc\u00e9 le d\u00e9partement, ce lundi 4 novembre 2019.<\/p>\n<div class=\"code-block code-block-1 c3\"><ins class=\"adsbygoogle c2\" data-ad-layout=\"in-article\" data-ad-format=\"fluid\" data-ad-client=\"ca-pub-2102118777505746\" data-ad-slot=\"7301775417\"\/> <\/div>\n<p>Le minist\u00e8re a, par ailleurs, appel\u00e9 les citoyens qui s\u2019inscrivent pour la premi\u00e8re fois au p\u00e8lerinage et ceux dont les dossiers avaient \u00e9t\u00e9 rejet\u00e9s, \u00e0 contacter le pr\u00e9dicateur de leur d\u00e9l\u00e9gation pour fournir les documents requis.<\/p>\n<div class=\"code-block code-block-2 c3\"><ins class=\"adsbygoogle c2\" data-ad-layout=\"in-article\" data-ad-format=\"fluid\" data-ad-client=\"ca-pub-2102118777505746\" data-ad-slot=\"7301775417\"\/> <\/div>\n<p><strong>Que se passe-t-il en Tunisie?<\/strong><br \/>Nous expliquons sur notre <a href=\"https:\/\/www.youtube.com\/channel\/UCRzypVq0B_yBad5eGrwBx0Q?sub_confirmation=1\" target=\"_blank\" rel=\"noopener noreferrer\">cha\u00eene YouTube<\/a> . <a href=\"https:\/\/www.youtube.com\/channel\/UCRzypVq0B_yBad5eGrwBx0Q?sub_confirmation=1\" target=\"_blank\" rel=\"noopener noreferrer\">Abonnez-vous!<\/a><\/p>\n<div class=\"mvp-org-wrap mvp-org-logo\" itemprop=\"publisher\" itemscope=\"\" itemtype=\"https:\/\/schema.org\/Organization\"><img decoding=\"async\" src=\"https:\/\/www.tunisienumerique.com\/wp-content\/uploads\/2017\/02\/logo_tunisie_numerique.png\"\/><\/div>\n<div class=\"swp_social_panel swp_horizontal_panel swp_flat_fresh swp_default_full_color swp_individual_full_color swp_other_full_color scale-100 scale-\" data-min-width=\"1100\" data-float-color=\"#ffffff\" data-float=\"none\" data-float-mobile=\"none\" data-transition=\"slide\">\n<div class=\"nc_tweetContainer swp_share_button total_shares total_sharesalt\"><span class=\"swp_count\">17 <span class=\"swp_label\">Partages<\/span><\/span><\/div>\n<\/div>\n<div class=\"mvp-related-posts left relative\">\n<h4 class=\"post-header\"><span class=\"post-header\">Lire aussi<\/span><\/h4>\n<\/div>\n<\/div>\n<p>Auteur: Laameri Dorsaf<br \/>\n<a href=\"https:\/\/www.tunisienumerique.com\/tunisie-les-inscriptions-au-pelerinage-commencent-le-12-novembre-courant\/\">Cliquez ici pour lire l&rsquo;article depuis sa source.<\/a><\/p>\n","protected":false},"excerpt":{"rendered":"<p>17 Partages L\u2019inscription au p\u00e8lerinage pour l\u2019ann\u00e9e 2020 (1441 H\u00e9gire) sera effectu\u00e9e sur le site officiel du minist\u00e8re des Affaires Religieuses\u00a0affaires-religieuses.tn,\u00a0du 12 novembre courant au 8 d\u00e9cembre prochain, a annonc\u00e9 le d\u00e9partement, ce lundi 4 novembre 2019. Le minist\u00e8re a, par ailleurs, appel\u00e9 les citoyens qui s\u2019inscrivent pour la premi\u00e8re fois au p\u00e8lerinage et ceux [&hellip;]<\/p>\n","protected":false},"author":1789,"featured_media":66540,"comment_status":"closed","ping_status":"closed","sticky":false,"template":"","format":"standard","meta":{"fifu_image_url":"","fifu_image_alt":"","footnotes":""},"categories":[73,55],"tags":[],"class_list":["post-66539","post","type-post","status-publish","format-standard","has-post-thumbnail","hentry","category-actualite","category-tunisie"],"_links":{"self":[{"href":"https:\/\/linitiative.ca\/International\/wp-json\/wp\/v2\/posts\/66539","targetHints":{"allow":["GET"]}}],"collection":[{"href":"https:\/\/linitiative.ca\/International\/wp-json\/wp\/v2\/posts"}],"about":[{"href":"https:\/\/linitiative.ca\/International\/wp-json\/wp\/v2\/types\/post"}],"author":[{"embeddable":true,"href":"https:\/\/linitiative.ca\/International\/wp-json\/wp\/v2\/users\/1789"}],"replies":[{"embeddable":true,"href":"https:\/\/linitiative.ca\/International\/wp-json\/wp\/v2\/comments?post=66539"}],"version-history":[{"count":0,"href":"https:\/\/linitiative.ca\/International\/wp-json\/wp\/v2\/posts\/66539\/revisions"}],"wp:featuredmedia":[{"embeddable":true,"href":"https:\/\/linitiative.ca\/International\/wp-json\/"}],"wp:attachment":[{"href":"https:\/\/linitiative.ca\/International\/wp-json\/wp\/v2\/media?parent=66539"}],"wp:term":[{"taxonomy":"category","embeddable":true,"href":"https:\/\/linitiative.ca\/International\/wp-json\/wp\/v2\/categories?post=66539"},{"taxonomy":"post_tag","embeddable":true,"href":"https:\/\/linitiative.ca\/International\/wp-json\/wp\/v2\/tags?post=66539"}],"curies":[{"name":"wp","href":"https:\/\/api.w.org\/{rel}","templated":true}]}}