{"id":66541,"date":"2019-11-04T17:03:52","date_gmt":"2019-11-04T22:03:52","guid":{"rendered":"https:\/\/linitiative.ca\/International\/tunisie-quand-ghannouchi-est-pousse-par-ses-enfants-vers-la-kasbah-alors-quil-sait-quil-en-est-incapable\/"},"modified":"2019-11-04T17:03:52","modified_gmt":"2019-11-04T22:03:52","slug":"tunisie-quand-ghannouchi-est-pousse-par-ses-enfants-vers-la-kasbah-alors-quil-sait-quil-en-est-incapable","status":"publish","type":"post","link":"https:\/\/linitiative.ca\/International\/tunisie-quand-ghannouchi-est-pousse-par-ses-enfants-vers-la-kasbah-alors-quil-sait-quil-en-est-incapable\/","title":{"rendered":"Tunisie \u2013 Quand Ghannouchi est pouss\u00e9 par ses enfants vers La Kasbah alors qu\u2019il sait qu\u2019il en est incapable"},"content":{"rendered":"<div class=\"post-cont-in left relative\">\n<div class=\"swp_social_panel swp_horizontal_panel swp_flat_fresh swp_default_full_color swp_individual_full_color swp_other_full_color scale-100 scale-\" data-min-width=\"1100\" data-float-color=\"#ffffff\" data-float=\"none\" data-float-mobile=\"none\" data-transition=\"slide\">\n<div class=\"nc_tweetContainer swp_share_button total_shares total_sharesalt\"><span class=\"swp_count\">1 <span class=\"swp_label\">Partages<\/span><\/span><\/div>\n<\/div>\n<p>En \u00e9coutant les propos du dirigeant au sein d\u2019Ennahdha, ce lundi, El Ajmi Ourimi, qui <a href=\"https:\/\/www.tunisienumerique.com\/tunisie-ajmi-lourimi-rached-ghannouchi-est-plus-grand-que-le-gouvernement-et-tout-autre-poste-dans-letat\/\">reconnaissait l\u2019existence de deux courants au sein d\u2019Enahdha<\/a>, et qui ont des avis diff\u00e9rents, voire oppos\u00e9s, concernant la pr\u00e9sidence du prochain gouvernement par Rached Ghannouchi en personne, on comprend bien, que des vents de discordes commencent \u00e0 souffler dans le temple bleu, et que le spectre des scissions commence \u00e0 tournoyer autour de Mont plaisir.<\/p>\n<div class=\"code-block code-block-1 c3\"><ins class=\"adsbygoogle c2\" data-ad-layout=\"in-article\" data-ad-format=\"fluid\" data-ad-client=\"ca-pub-2102118777505746\" data-ad-slot=\"7301775417\"\/> <\/div>\n<p>Bien que Ladjimi ait pr\u00e9sent\u00e9 cette \u00ab\u00a0affaire\u00a0\u00bb, comme \u00e9tant des divergences d\u2019avis, simples et qui se trouvent dans toutes les familles politiques, on devine que c\u2019est bien plus profond, et qu\u2019il s\u2019agit, justement, d\u2019une affaire de famille, mais pas de famille politique.<\/p>\n<div class=\"code-block code-block-2 c3\"><ins class=\"adsbygoogle c2\" data-ad-layout=\"in-article\" data-ad-format=\"fluid\" data-ad-client=\"ca-pub-2102118777505746\" data-ad-slot=\"7301775417\"\/> <\/div>\n<p>Car ce que Ladjimi s\u2019est tenu de pr\u00e9ciser c\u2019est que les deux courants qui s\u2019opposent, \u00e0 Ennahdha, sur le sujet de la pr\u00e9sidence du gouvernement par Ghannouchi sont l faille du Cheikh, notamment, ses enfants, et le reste du parti.<\/p>\n<p>En effet, d\u2019un c\u00f4t\u00e9, il y a le parti avec ses diff\u00e9rentes structures et ses diff\u00e9rents courants, qui sont d\u2019avis que Ghannouchi prenne les commandes de l\u2019ARP. Sachant que les nahdhaouis ont, toujours consid\u00e9r\u00e9 que le vrai pouvoir se trouve au Bardo. Par ailleurs ils pensent que la pr\u00e9sidence de l\u2019ARP et assez reposante, aussi bien physiquement, pour le Cheikh, qui n\u2019est plus tout \u00e0 fait en forme, que politiquement. Car, en tant que pr\u00e9sident de l\u2019ARP, il n\u2019aura de comptes \u00e0 rendre \u00e0 personne, et ne pourra pas \u00eatre consid\u00e9r\u00e9 comme responsable d\u2019un tr\u00e8s\u00a0 probable \u00e9chec du prochain gouvernement.<\/p>\n<p>Mais de l\u2019autre c\u00f4t\u00e9, il y a sa famille, au sens propre du terme, et plus pr\u00e9cis\u00e9ment sa fille et son fils, qui sont en train de tout faire, pour le pousser \u00e0 prendre la pr\u00e9sidence du gouvernement. Probablement mus par une avidit\u00e9 du pouvoir, et par l\u2019attrait des int\u00e9r\u00eats qu\u2019on pourrait en tirer. C\u2019est ainsi que ses propres enfants seraient en train de tout faire pour convaincre le Cheikh de prendre les commandes \u00e0 La Kasbah, avec tout le risque politique que \u00e7\u00e0 engage pour sa personne et pour son mouvement. L\u2019objectif pour eux, \u00e9tant, uniquement, de se trouver au milieu du cercle du pouvoir et de la d\u00e9cision, avec ce que cela pourrait g\u00e9n\u00e9rer comme b\u00e9n\u00e9fices.<\/p>\n<p>D\u00e9cid\u00e9ment il aurait \u00e9t\u00e9 \u00e9crit, quelque part, que la Tunisie soit le \u00ab\u00a0joujou\u00a0\u00bb des familles de ses leaders, en commen\u00e7ant par les rixes de Carthage entre les tunisois de Wassila et les compagnons de Bourguiba, puis la prise de pouvoir de sa\u00efda Sassi et compagnie, en arrivant \u00e0 l\u2019irr\u00e9sistible envie des fils de Ghannouchi de profiter du r\u00e8gne de leur p\u00e8re, en passant par les Tarbelsi, du temps de Ben Ali, sans oublier les aspirations de la femme de BCE et son fils.<\/p>\n<p>Et l\u2019exp\u00e9rience a montr\u00e9 qu\u2019en politique, lorsque la famille y met son nez\u2026 \u00e7\u00e0 commence \u00e0 sentir le roussi\u00a0!<\/p>\n<p><strong>Que se passe-t-il en Tunisie?<\/strong><br \/>Nous expliquons sur notre <a href=\"https:\/\/www.youtube.com\/channel\/UCRzypVq0B_yBad5eGrwBx0Q?sub_confirmation=1\" target=\"_blank\" rel=\"noopener noreferrer\">cha\u00eene YouTube<\/a> . <a href=\"https:\/\/www.youtube.com\/channel\/UCRzypVq0B_yBad5eGrwBx0Q?sub_confirmation=1\" target=\"_blank\" rel=\"noopener noreferrer\">Abonnez-vous!<\/a><\/p>\n<div class=\"mvp-org-wrap mvp-org-logo\" itemprop=\"publisher\" itemscope=\"\" itemtype=\"https:\/\/schema.org\/Organization\"><img decoding=\"async\" src=\"https:\/\/www.tunisienumerique.com\/wp-content\/uploads\/2017\/02\/logo_tunisie_numerique.png\"\/><\/div>\n<div class=\"swp_social_panel swp_horizontal_panel swp_flat_fresh swp_default_full_color swp_individual_full_color swp_other_full_color scale-100 scale-\" data-min-width=\"1100\" data-float-color=\"#ffffff\" data-float=\"none\" data-float-mobile=\"none\" data-transition=\"slide\">\n<div class=\"nc_tweetContainer swp_share_button total_shares total_sharesalt\"><span class=\"swp_count\">1 <span class=\"swp_label\">Partages<\/span><\/span><\/div>\n<\/div>\n<div class=\"mvp-related-posts left relative\">\n<h4 class=\"post-header\"><span class=\"post-header\">Lire aussi<\/span><\/h4>\n<\/div>\n<\/div>\n<p>Auteur: Ramsis<br \/>\n<a href=\"https:\/\/www.tunisienumerique.com\/tunisie-quand-ghannouchi-est-pousse-par-ses-enfants-vers-la-kasbah-alors-quil-sait-quil-en-est-incapable\/\">Cliquez ici pour lire l&rsquo;article depuis sa source.<\/a><\/p>\n","protected":false},"excerpt":{"rendered":"<p>1 Partages En \u00e9coutant les propos du dirigeant au sein d\u2019Ennahdha, ce lundi, El Ajmi Ourimi, qui reconnaissait l\u2019existence de deux courants au sein d\u2019Enahdha, et qui ont des avis diff\u00e9rents, voire oppos\u00e9s, concernant la pr\u00e9sidence du prochain gouvernement par Rached Ghannouchi en personne, on comprend bien, que des vents de discordes commencent \u00e0 souffler [&hellip;]<\/p>\n","protected":false},"author":1789,"featured_media":66542,"comment_status":"closed","ping_status":"closed","sticky":false,"template":"","format":"standard","meta":{"fifu_image_url":"","fifu_image_alt":"","footnotes":""},"categories":[73,55],"tags":[],"class_list":["post-66541","post","type-post","status-publish","format-standard","has-post-thumbnail","hentry","category-actualite","category-tunisie"],"_links":{"self":[{"href":"https:\/\/linitiative.ca\/International\/wp-json\/wp\/v2\/posts\/66541","targetHints":{"allow":["GET"]}}],"collection":[{"href":"https:\/\/linitiative.ca\/International\/wp-json\/wp\/v2\/posts"}],"about":[{"href":"https:\/\/linitiative.ca\/International\/wp-json\/wp\/v2\/types\/post"}],"author":[{"embeddable":true,"href":"https:\/\/linitiative.ca\/International\/wp-json\/wp\/v2\/users\/1789"}],"replies":[{"embeddable":true,"href":"https:\/\/linitiative.ca\/International\/wp-json\/wp\/v2\/comments?post=66541"}],"version-history":[{"count":0,"href":"https:\/\/linitiative.ca\/International\/wp-json\/wp\/v2\/posts\/66541\/revisions"}],"wp:featuredmedia":[{"embeddable":true,"href":"https:\/\/linitiative.ca\/International\/wp-json\/"}],"wp:attachment":[{"href":"https:\/\/linitiative.ca\/International\/wp-json\/wp\/v2\/media?parent=66541"}],"wp:term":[{"taxonomy":"category","embeddable":true,"href":"https:\/\/linitiative.ca\/International\/wp-json\/wp\/v2\/categories?post=66541"},{"taxonomy":"post_tag","embeddable":true,"href":"https:\/\/linitiative.ca\/International\/wp-json\/wp\/v2\/tags?post=66541"}],"curies":[{"name":"wp","href":"https:\/\/api.w.org\/{rel}","templated":true}]}}