{"id":66543,"date":"2019-11-04T17:23:22","date_gmt":"2019-11-04T22:23:22","guid":{"rendered":"https:\/\/linitiative.ca\/International\/tunisie-les-palmiers-du-parc-du-lac-contamines-par-les-charancons-rouges-et-ca-ne-semble-pas-deranger-les-autorites-de-tutelle\/"},"modified":"2019-11-04T17:23:22","modified_gmt":"2019-11-04T22:23:22","slug":"tunisie-les-palmiers-du-parc-du-lac-contamines-par-les-charancons-rouges-et-ca-ne-semble-pas-deranger-les-autorites-de-tutelle","status":"publish","type":"post","link":"https:\/\/linitiative.ca\/International\/tunisie-les-palmiers-du-parc-du-lac-contamines-par-les-charancons-rouges-et-ca-ne-semble-pas-deranger-les-autorites-de-tutelle\/","title":{"rendered":"Tunisie \u2013 Les palmiers du parc du Lac contamin\u00e9s par les charan\u00e7ons rouges et \u00e7\u00e0 ne semble pas d\u00e9ranger les autorit\u00e9s de tutelle"},"content":{"rendered":"<div class=\"post-cont-in left relative\">\n<div class=\"swp_social_panel swp_horizontal_panel swp_flat_fresh swp_default_full_color swp_individual_full_color swp_other_full_color scale-100 scale-\" data-min-width=\"1100\" data-float-color=\"#ffffff\" data-float=\"none\" data-float-mobile=\"none\" data-transition=\"slide\">\n<div class=\"nc_tweetContainer swp_share_button total_shares total_sharesalt\"><span class=\"swp_count\">1 <span class=\"swp_label\">Partages<\/span><\/span><\/div>\n<\/div>\n<p>Le parc situ\u00e9 dans la r\u00e9gion du Lac, connu, entre autres, pour la beaut\u00e9 de ses palmiers, et pour l\u2019espace vert qu\u2019il offre, au milieu de la jungle de b\u00e9ton, est malade. Et sa maladie s\u2019annonce difficile \u00e0 gu\u00e9rir. Et pourtant\u2026 Pourtant, comme pour chaque maladie, plus on s\u2019y prend t\u00f4t en th\u00e9rapie, plus les chances de gu\u00e9rison sont grandes.<\/p>\n<div class=\"code-block code-block-1 c3\"><ins class=\"adsbygoogle c2\" data-ad-layout=\"in-article\" data-ad-format=\"fluid\" data-ad-client=\"ca-pub-2102118777505746\" data-ad-slot=\"7301775417\"\/> <\/div>\n<p>Mais, l\u00e0, la maladie qui ronge le parc, et plus pr\u00e9cis\u00e9ment, ses palmiers, ne semble pas \u00e9mouvoir, outre mesure, les autorit\u00e9s de tutelle, ni celles du minist\u00e8re de l\u2019agriculture, ni celles de la municipalit\u00e9 territorialement comp\u00e9tente\u2026 Et ce n\u2019est pas faute d\u2019en avoir \u00e9t\u00e9 inform\u00e9es.<\/p>\n<div class=\"code-block code-block-2 c3\"><ins class=\"adsbygoogle c2\" data-ad-layout=\"in-article\" data-ad-format=\"fluid\" data-ad-client=\"ca-pub-2102118777505746\" data-ad-slot=\"7301775417\"\/> <\/div>\n<p>Car de nombreux riverains ont lanc\u00e9, depuis tr\u00e8s longtemps, de nombreux cris de d\u00e9tresse, pour signaler l\u2019infestation des palmiers du parc par le maudit charan\u00e7on rouge, qui est en train de d\u00e9truire, lentement, mais s\u00fbrement, tous les palmiers du pays.<\/p>\n<p>Au d\u00e9part, l\u2019intervention aurait \u00e9t\u00e9 assez simple, selon la m\u00e9thode d\u2019endoth\u00e9rapie, qui consiste \u00e0 l\u2019injection d\u2019un produit insecticide appropri\u00e9 dans les stipes des palmiers. Mais, d\u00e9sormais, et devant l\u2019inaction et l\u2019indiff\u00e9rence des autorit\u00e9s, l\u2019affaire devient plus cors\u00e9es, et le traitement plus difficile.<\/p>\n<p>C\u2019est malheureux de voir toute cette incomp\u00e9tence, cette insouciance et ce manque de sentiment de nationalisme chez nos d\u00e9cideurs\u2026 C\u2019est, vraiment, malheureux\u00a0!<\/p>\n<p><img loading=\"lazy\" decoding=\"async\" class=\"aligncenter size-full wp-image-472550\" src=\"https:\/\/www.tunisienumerique.com\/wp-content\/uploads\/2019\/11\/lac2.jpg\" alt=\"\" width=\"540\" height=\"960\"\/><\/p>\n<p><strong>Que se passe-t-il en Tunisie?<\/strong><br \/>Nous expliquons sur notre <a href=\"https:\/\/www.youtube.com\/channel\/UCRzypVq0B_yBad5eGrwBx0Q?sub_confirmation=1\" target=\"_blank\" rel=\"noopener noreferrer\">cha\u00eene YouTube<\/a> . <a href=\"https:\/\/www.youtube.com\/channel\/UCRzypVq0B_yBad5eGrwBx0Q?sub_confirmation=1\" target=\"_blank\" rel=\"noopener noreferrer\">Abonnez-vous!<\/a><\/p>\n<div class=\"mvp-org-wrap mvp-org-logo\" itemprop=\"publisher\" itemscope=\"\" itemtype=\"https:\/\/schema.org\/Organization\"><img decoding=\"async\" src=\"https:\/\/www.tunisienumerique.com\/wp-content\/uploads\/2017\/02\/logo_tunisie_numerique.png\"\/><\/div>\n<div class=\"swp_social_panel swp_horizontal_panel swp_flat_fresh swp_default_full_color swp_individual_full_color swp_other_full_color scale-100 scale-\" data-min-width=\"1100\" data-float-color=\"#ffffff\" data-float=\"none\" data-float-mobile=\"none\" data-transition=\"slide\">\n<div class=\"nc_tweetContainer swp_share_button total_shares total_sharesalt\"><span class=\"swp_count\">1 <span class=\"swp_label\">Partages<\/span><\/span><\/div>\n<\/div>\n<div class=\"mvp-related-posts left relative\">\n<h4 class=\"post-header\"><span class=\"post-header\">Lire aussi<\/span><\/h4>\n<\/div>\n<\/div>\n<p>Auteur: LM<br \/>\n<a href=\"https:\/\/www.tunisienumerique.com\/tunisie-les-palmiers-du-parc-du-lac-contamines-par-les-charancons-rouges-et-ca-ne-semble-pas-deranger-les-autorites-de-tutelle\/\">Cliquez ici pour lire l&rsquo;article depuis sa source.<\/a><\/p>\n","protected":false},"excerpt":{"rendered":"<p>1 Partages Le parc situ\u00e9 dans la r\u00e9gion du Lac, connu, entre autres, pour la beaut\u00e9 de ses palmiers, et pour l\u2019espace vert qu\u2019il offre, au milieu de la jungle de b\u00e9ton, est malade. Et sa maladie s\u2019annonce difficile \u00e0 gu\u00e9rir. Et pourtant\u2026 Pourtant, comme pour chaque maladie, plus on s\u2019y prend t\u00f4t en th\u00e9rapie, [&hellip;]<\/p>\n","protected":false},"author":1789,"featured_media":66544,"comment_status":"closed","ping_status":"closed","sticky":false,"template":"","format":"standard","meta":{"fifu_image_url":"","fifu_image_alt":"","footnotes":""},"categories":[73,55],"tags":[],"class_list":["post-66543","post","type-post","status-publish","format-standard","has-post-thumbnail","hentry","category-actualite","category-tunisie"],"_links":{"self":[{"href":"https:\/\/linitiative.ca\/International\/wp-json\/wp\/v2\/posts\/66543","targetHints":{"allow":["GET"]}}],"collection":[{"href":"https:\/\/linitiative.ca\/International\/wp-json\/wp\/v2\/posts"}],"about":[{"href":"https:\/\/linitiative.ca\/International\/wp-json\/wp\/v2\/types\/post"}],"author":[{"embeddable":true,"href":"https:\/\/linitiative.ca\/International\/wp-json\/wp\/v2\/users\/1789"}],"replies":[{"embeddable":true,"href":"https:\/\/linitiative.ca\/International\/wp-json\/wp\/v2\/comments?post=66543"}],"version-history":[{"count":0,"href":"https:\/\/linitiative.ca\/International\/wp-json\/wp\/v2\/posts\/66543\/revisions"}],"wp:featuredmedia":[{"embeddable":true,"href":"https:\/\/linitiative.ca\/International\/wp-json\/"}],"wp:attachment":[{"href":"https:\/\/linitiative.ca\/International\/wp-json\/wp\/v2\/media?parent=66543"}],"wp:term":[{"taxonomy":"category","embeddable":true,"href":"https:\/\/linitiative.ca\/International\/wp-json\/wp\/v2\/categories?post=66543"},{"taxonomy":"post_tag","embeddable":true,"href":"https:\/\/linitiative.ca\/International\/wp-json\/wp\/v2\/tags?post=66543"}],"curies":[{"name":"wp","href":"https:\/\/api.w.org\/{rel}","templated":true}]}}