{"id":66545,"date":"2019-11-04T17:04:55","date_gmt":"2019-11-04T22:04:55","guid":{"rendered":"https:\/\/linitiative.ca\/International\/sommet-annonce-de-la-cedeao-sur-la-guinee-bissau-quels-moyens-coercitifs-pour-linstitution-sous-regionale\/"},"modified":"2019-11-04T17:04:55","modified_gmt":"2019-11-04T22:04:55","slug":"sommet-annonce-de-la-cedeao-sur-la-guinee-bissau-quels-moyens-coercitifs-pour-linstitution-sous-regionale","status":"publish","type":"post","link":"https:\/\/linitiative.ca\/International\/sommet-annonce-de-la-cedeao-sur-la-guinee-bissau-quels-moyens-coercitifs-pour-linstitution-sous-regionale\/","title":{"rendered":"SOMMET ANNONCE DE LA CEDEAO SUR LA GUINEE-BISSAU :Quels moyens coercitifs pour l\u2019institution sous-r\u00e9gionale ?"},"content":{"rendered":"<div class=\"stream-item stream-item-above-post-content\">\n<p><noscript><\/p>\n<p><a href=\"\/\/www3.smartadserver.com\/ac?jump=1&#038;nwid=2136&#038;siteid=240610&#038;pgname=rg&#038;fmtid=49046&#038;visit=m&#038;tmstp=[timestamp]&#038;out=nonrich\" target=\"_blank\" rel=\"noopener noreferrer\"><img decoding=\"async\" src=\"\/\/www3.smartadserver.com\/ac?out=nonrich&#038;nwid=2136&#038;siteid=240610&#038;pgname=rg&#038;fmtid=49046&#038;visit=m&#038;tmstp=[timestamp]\" border=\"0\" alt=\"\"\/><\/a><\/p>\n<p><\/noscript><\/div>\n<p class=\"c3\">En Guin\u00e9e-Bissau, le ton monte entre la CEDEAO et le pr\u00e9sident Jos\u00e9 Mario Vaz. En effet, \u00a0la d\u00e9cision de ce dernier,\u00a0 de d\u00e9mettre le gouvernement du Premier ministre, Aristide Gomez pour en nommer dans la foul\u00e9e un autre, \u00a0a entra\u00een\u00e9 le pays dans une v\u00e9ritable crise institutionnelle au sommet de l\u2019Etat, avec deux Premiers ministres et deux gouvernements. Une situation qui a oblig\u00e9 la CEDEAO \u00e0 d\u00e9p\u00eacher, le 3 novembre dernier, une d\u00e9l\u00e9gation \u00e0 Bissau, pour tenter de d\u00e9nouer la crise entre les deux protagonistes. R\u00e9affirmant son soutien au gouvernement du Premier ministre, Aristide Gomes, l\u2019institution sous-r\u00e9gionale a fait comprendre au pr\u00e9sident Vaz, le caract\u00e8re \u00ab\u00a0<em>ill\u00e9gal\u00a0<\/em>\u00bb de son d\u00e9cret. D\u2019autant qu\u2019au terme de son sommet de juin dernier, la feuille de route qui avait \u00e9t\u00e9 arr\u00eat\u00e9e, pr\u00e9voyait clairement le maintien du pr\u00e9sident Vaz \u00e0 son poste, malgr\u00e9 l\u2019expiration de son mandat, mais avec des pouvoirs limit\u00e9s. Par cons\u00e9quent, il revenait au gouvernement\u00a0 d\u2019Aristide Gomes de mener le pays aux \u00e9lections.<\/p>\n<p class=\"c3\"><strong>Le pr\u00e9sident Vaz est toujours dans la fuite en avant<\/strong><\/p>\n<p class=\"c3\">Mais la rencontre de Bissau a tourn\u00e9 plut\u00f4t court. Le pr\u00e9sident Vaz ayant non seulement fait dans la r\u00e9sistance, mais aussi dans la d\u00e9fiance en campant sur sa position.\u00a0 Ne voulant pas rester sur un \u00e9chec, la CEDEAO n\u2019a pas mis du temps \u00e0 comprendre \u00e0 quel type de personnage elle a affaire et surtout le jeu trouble auquel veut s\u2019adonner le chef de l\u2019Etat. Ce qui pourrait avoir des cons\u00e9quences fortement dommageables pour ce pays qui tient pourtant la stabilit\u00e9 de ses institutions de la forte implication de l\u2019instance sous-r\u00e9gionale.<\/p>\n<p class=\"c3\">En effet, en qualifiant ses r\u00e9cents d\u00e9crets d\u2019\u00ab<em>irr\u00e9versibles\u00a0<\/em>\u00bb et en mettant en avant son titre de chef supr\u00eame des arm\u00e9es, \u00a0\u00a0le pr\u00e9sident Vaz dont la rencontre avec les \u00e9missaires de la CEDEAO n\u2019a du reste dur\u00e9 qu\u2019une toute petite demi-heure pour un sujet aussi crucial pour l\u2019avenir de son pays, est toujours dans la fuite en avant et est d\u00e9termin\u00e9 \u00e0 organiser ses \u00e9lections. A quoi est-il adoss\u00e9 pour adopter une telle attitude de bravade vis-\u00e0-vis de l\u2019institution sous-r\u00e9gionale, quand on sait qu\u2019il a \u00e9t\u00e9 l\u00e2ch\u00e9 par son propre parti\u00a0?\u00a0 Lui seul a la r\u00e9ponse \u00e0 une telle question. Mais en choisissant d\u2019ignorer royalement la CEDEAO et d\u2019en faire \u00e0 sa t\u00eate, <em>\u00ab\u00a0Jomav\u00a0\u00bb,<\/em> fait preuve d\u2019une ingratitude \u00e0 nulle autre pareille, quand on sait qu\u2019il doit quelque part son accession \u00e0 la t\u00eate de l\u2019Etat, \u00e0 l\u2019implication de l\u2019instance sous-r\u00e9gionale qui a jusque l\u00e0 permis de tenir la soldatesque \u00e0 distance du pouvoir.<\/p>\n<p class=\"c3\">Cela dit, pour la rencontre de Niamey, la CEDEAO a \u00e9t\u00e9 claire. \u00ab\u00a0<em>Nous avons rencontr\u00e9 le chef de l\u2019Etat, qui nous a donn\u00e9 les raisons pour lesquelles il a eu cette r\u00e9action, qui tient surtout \u00e0 des rapports internes entre les deux. Nous lui avions fait comprendre que la l\u00e9galit\u00e9 doit pouvoir continuer \u00e0 pr\u00e9valoir. Il y a un sommet le 8, le chef de l\u2019Etat sera \u00e0 Niamey. Les chefs d\u2019Etat lui donneront la primeur de leur d\u00e9cision finale<\/em>\u00a0\u00bb. Va-t-on vers un ultimatum de la CEDEAO \u00e0 l\u2019endroit du pr\u00e9sident Vaz\u00a0? Les menaces de sanctions suffiront-elles \u00e0 le faire revenir sur sa d\u00e9cision\u00a0ou couleront-elles sur lui comme de l\u2019eau sur les plumes d\u2019un canard ? De quels moyens de coercition dispose l\u2019institution sous-r\u00e9gionale pour faire fl\u00e9chir le ma\u00eetre de Bissau\u00a0? On attend de voir. Car, une chose est de convoquer un sommet, une chose est d\u2019avoir les moyens de sa politique.<\/p>\n<p class=\"c3\"><strong>On attend de voir qui de Vaz et de la CEDEAO aura le dernier mot<\/strong><\/p>\n<p class=\"c3\">Mais en la mati\u00e8re, la CEDEAO a plus d\u2019une fois su prouver qu\u2019elle savait non seulement faire preuve de fermet\u00e9 contre les brebis galeuses de la d\u00e9mocratie dans la sous-r\u00e9gion, mais aussi qu\u2019elle savait se faire respecter quand la situation l\u2019exigeait. Ce fut notamment le cas avec le capitaine malien Amadou Haya Sanogo quand ce dernier a tent\u00e9 de confisquer le pouvoir \u00e0 Bamako et l\u2019ex-dictateur gambien, Yahya Jammeh, quand il a aussi tent\u00e9 de remettre en cause les r\u00e9sultats de la pr\u00e9sidentielle qui avaient vu la victoire de son rival, Adama Barrow.<\/p>\n<p class=\"c3\">La CEDEAO \u00e9tait intervenue dans les deux cas, pour faire respecter l\u2019ordre. C\u2019est pourquoi il y a des raisons de croire que le cas bissau-guin\u00e9en est un nouveau d\u00e9fi pour l\u2019institution sous-r\u00e9gionale qui, on l\u2019esp\u00e8re, saura une fois de plus faire triompher le droit. Il y va de sa cr\u00e9dibilit\u00e9. Surtout qu\u2019elle n\u2019entend pas s\u2019\u00e9carter de sa feuille de route qui veut que le calendrier \u00e9lectoral du 24 novembre prochain, soit aussi respect\u00e9. C\u2019est dire si la CEDEAO est engag\u00e9e dans une v\u00e9ritable course contre la montre. D\u2019autant que la campagne de la pr\u00e9sidentielle a \u00e9t\u00e9 lanc\u00e9e le week-end dernier. C\u2019est donc peu de dire que tous les regards sont \u00e0 pr\u00e9sent tourn\u00e9s vers elle.<\/p>\n<p class=\"c3\">Et pour la symbolique, on peut se r\u00e9jouir du choix de Niamey pour la tenue de ce sommet extraordinaire tant le pr\u00e9sident nig\u00e9rien, Mahamadou Issoufou, dans cette faune politique africaine o\u00f9 les chefs d\u2019Etat se montrent les uns toujours plus assoiff\u00e9s de pouvoir que les autres, a su faire preuve d\u2019un admirable d\u00e9tachement du pouvoir. Une attitude de noblesse qui fait honneur \u00e0 la d\u00e9mocratie et qui devrait permettre au chef de l\u2019Etat nig\u00e9rien d\u2019assener ses quatre v\u00e9rit\u00e9s au ma\u00eetre de Malabo qui est en train d\u2019embo\u00eeter le pas \u00e0 tous ces satrapes du continent qui ne s\u2019imaginent pas une vie en dehors du pouvoir, et qui sont pr\u00eats \u00e0 toutes sortes de d\u00e9rives et de micmacs politiques pour s\u2019accrocher \u00e0 leur fauteuil, dussent-ils pour cela entra\u00eener leur pays dans le chaos.<\/p>\n<p class=\"c3\">En tout \u00e9tat de cause, maintenant que les d\u00e9s sont jet\u00e9s et que le compte \u00e0 rebours de la pr\u00e9sidentielle a commenc\u00e9, on attend de voir qui de Vaz et de la CEDEAO aura le dernier mot.<\/p>\n<p class=\"c3\"><strong><em>\u00ab\u00a0Le Pays\u00a0\u00bb<\/em><\/strong><\/p>\n<p class=\"c3\"><strong>\u00a0<\/strong><\/p>\n<p>Auteur: Le Pays<br \/>\n<a href=\"http:\/\/lepays.bf\/sommet-annonce-de-la-cedeao-sur-la-guinee-bissau-quels-moyens-coercitifs-pour-linstitution-sous-regionale\/\">Cliquez ici pour lire l&rsquo;article depuis sa source.<\/a><\/p>\n","protected":false},"excerpt":{"rendered":"<p>En Guin\u00e9e-Bissau, le ton monte entre la CEDEAO et le pr\u00e9sident Jos\u00e9 Mario Vaz. En effet, \u00a0la d\u00e9cision de ce dernier,\u00a0 de d\u00e9mettre le gouvernement du Premier ministre, Aristide Gomez pour en nommer dans la foul\u00e9e un autre, \u00a0a entra\u00een\u00e9 le pays dans une v\u00e9ritable crise institutionnelle au sommet de l\u2019Etat, avec deux Premiers ministres [&hellip;]<\/p>\n","protected":false},"author":1813,"featured_media":0,"comment_status":"closed","ping_status":"closed","sticky":false,"template":"","format":"standard","meta":{"fifu_image_url":"","fifu_image_alt":"","footnotes":""},"categories":[73,81],"tags":[],"class_list":["post-66545","post","type-post","status-publish","format-standard","hentry","category-actualite","category-burkina-faso"],"_links":{"self":[{"href":"https:\/\/linitiative.ca\/International\/wp-json\/wp\/v2\/posts\/66545","targetHints":{"allow":["GET"]}}],"collection":[{"href":"https:\/\/linitiative.ca\/International\/wp-json\/wp\/v2\/posts"}],"about":[{"href":"https:\/\/linitiative.ca\/International\/wp-json\/wp\/v2\/types\/post"}],"author":[{"embeddable":true,"href":"https:\/\/linitiative.ca\/International\/wp-json\/wp\/v2\/users\/1813"}],"replies":[{"embeddable":true,"href":"https:\/\/linitiative.ca\/International\/wp-json\/wp\/v2\/comments?post=66545"}],"version-history":[{"count":0,"href":"https:\/\/linitiative.ca\/International\/wp-json\/wp\/v2\/posts\/66545\/revisions"}],"wp:attachment":[{"href":"https:\/\/linitiative.ca\/International\/wp-json\/wp\/v2\/media?parent=66545"}],"wp:term":[{"taxonomy":"category","embeddable":true,"href":"https:\/\/linitiative.ca\/International\/wp-json\/wp\/v2\/categories?post=66545"},{"taxonomy":"post_tag","embeddable":true,"href":"https:\/\/linitiative.ca\/International\/wp-json\/wp\/v2\/tags?post=66545"}],"curies":[{"name":"wp","href":"https:\/\/api.w.org\/{rel}","templated":true}]}}