{"id":66546,"date":"2019-11-04T17:04:31","date_gmt":"2019-11-04T22:04:31","guid":{"rendered":"https:\/\/linitiative.ca\/International\/forum-national-de-lintegration-une-caravane-pour-renforcer-lesprit-de-fraternite\/"},"modified":"2019-11-04T17:04:31","modified_gmt":"2019-11-04T22:04:31","slug":"forum-national-de-lintegration-une-caravane-pour-renforcer-lesprit-de-fraternite","status":"publish","type":"post","link":"https:\/\/linitiative.ca\/International\/forum-national-de-lintegration-une-caravane-pour-renforcer-lesprit-de-fraternite\/","title":{"rendered":"Forum national de l\u2019int\u00e9gration : Une caravane pour renforcer l\u2019esprit  de fraternit\u00e9"},"content":{"rendered":"<div class=\"td-post-featured-image\" readability=\"32\"><a href=\"https:\/\/i2.wp.com\/www.sidwaya.info\/wp-content\/uploads\/2019\/11\/integration.gif?fit=787%2C525&#038;ssl=1\" data-caption=\"Une quinzaine de communaut\u00e9s \u00e9trang\u00e8res prend part \u00e0 l\u2019activit\u00e9\"><img loading=\"lazy\" decoding=\"async\" width=\"696\" height=\"464\" class=\"entry-thumb td-modal-image\" src=\"https:\/\/i2.wp.com\/www.sidwaya.info\/wp-content\/uploads\/2019\/11\/integration.gif?resize=696%2C464&#038;ssl=1\" alt=\"\" title=\"integration\"\/><\/a>Une quinzaine de communaut\u00e9s \u00e9trang\u00e8res prend part \u00e0 l\u2019activit\u00e9<\/div>\n<div class=\"td-a-rec td-a-rec-id-content_top td_uid_30_5dc0a9b4acea9_rand td_block_template_1\"><img loading=\"lazy\" decoding=\"async\" class=\"aligncenter size-full wp-image-15640\" src=\"https:\/\/www.sidwaya.info\/wp-content\/uploads\/2019\/10\/pf-pub-1.jpeg\" alt=\"\" width=\"1080\" height=\"360\"\/><\/div>\n<p><strong>Le minist\u00e8re de l\u2019Int\u00e9gration africaine et des Burkinab\u00e8 de l\u2019ext\u00e9rieur a lanc\u00e9, le lundi 28 octobre 2019 \u00e0 Ouagadougou, la 2e \u00e9dition de la Caravane de l\u2019int\u00e9gration. Cette activit\u00e9 se tient en pr\u00e9lude au 3e Forum national de l\u2019int\u00e9gration, pr\u00e9vu du 1er au 3 novembre prochain, \u00e0 Tenkodogo.<\/strong><\/p>\n<p>Le Burkina Faso, par l\u2019entremise du minist\u00e8re de l\u2019Int\u00e9gration africaine et des Burkinab\u00e8 de l\u2019ext\u00e9rieur, poursuit ses engagements pour le renforcement de l\u2019esprit de fraternit\u00e9 et de solidarit\u00e9 entre les communaut\u00e9s vivant dans le pays. C\u2019est dans ce sens que se tient, pour la 3e fois cons\u00e9cutive, le Forum national de l\u2019int\u00e9gration qui aura lieu, du 1er au 3 novembre 2019 \u00e0 Tenkodogo, dans la r\u00e9gion du Centre-Est.<\/p>\n<p>En pr\u00e9lude \u00e0 cette activit\u00e9 plac\u00e9e sous le th\u00e8me\u00a0:\u00a0\u00ab\u00a0Int\u00e9gration r\u00e9gionale et d\u00e9fis s\u00e9curitaires\u00a0\u00bb, le d\u00e9partement en charge de la question a proc\u00e9d\u00e9, le lundi 28 octobre 2019 \u00e0 Ouagadougou, au lancement de la 2e \u00e9dition de la Caravane de l\u2019int\u00e9gration qui se d\u00e9roulera jusqu\u2019au 30 novembre prochain. Cette caravane qui est partie de Ouagadougou, selon le ministre en charge de l\u2019int\u00e9gration africaine, Paul Robert Tiendrebeogo, va marquer des escales dans les villes de Mogt\u00e9do, Zorgho, Koup\u00e8la, Bittou et Tenkodogo. A l\u2019entendre, des actions de sensibilisation \u00e0 la libre circulation des personnes et des biens seront men\u00e9es dans les localit\u00e9s travers\u00e9es.<\/p>\n<p>\u00ab\u00a0La caravane et le forum visent \u00e0 renforcer l\u2019esprit de fraternit\u00e9 et de solidarit\u00e9 entre les populations vivant au Burkina et \u00e0 les sensibiliser \u00e0 la pr\u00e9servation de la paix et de la coh\u00e9sion sociale entre les communaut\u00e9s\u00a0\u00bb, a d\u00e9clar\u00e9 Paul Robert Tiendrebeogo. Et d\u2019ajouter que ces initiatives ont pour objectif de permettre aux populations de s\u2019approprier la vision des chefs d\u2019Etat et des politiques des organisations communautaires r\u00e9gionales et de valoriser les potentiels des communaut\u00e9s.<\/p>\n<p>\u00ab\u00a0C\u2019est vraiment montrer \u00e0 quel point les autorit\u00e9s du Burkina sont engag\u00e9es dans le renforcement de l\u2019int\u00e9gration africaine, surtout que le pr\u00e9sident du Faso, Roch Marc Christian Kabor\u00e9 est le champion en mati\u00e8re de libre circulation des biens et des personnes\u00a0\u00bb, a-t-il argu\u00e9. Pour cette \u00e9dition, a-t-il confi\u00e9, ce sont une quinzaine de communaut\u00e9s de nationalit\u00e9s diverses qui prennent part aux festivit\u00e9s.<\/p>\n<p>Celles-ci ont salu\u00e9 l\u2019initiative du gouvernement qui, selon ces caravaniers, t\u00e9moigne de l\u2019int\u00e9r\u00eat que le pays des Hommes int\u00e8gres porte aux communaut\u00e9s \u00e9trang\u00e8res dans le pays.\u00a0\u00abC\u2019est une tr\u00e8s bonne action.<\/p>\n<p>Un pays qui re\u00e7oit des \u00e9trangers et qui pense \u00e0 faciliter le brassage entre ces communaut\u00e9s est le signe que le pays est soucieux du vivre-ensemble et de l\u2019int\u00e9gration des peuples africains\u00a0\u00bb, a indiqu\u00e9 William Y\u00e9o, caravanier et repr\u00e9sentant la communaut\u00e9 ivoirienne au Burkina Faso.<br \/>Le Forum qui sera le couronnement de cette caravane pr\u00e9voit, entre autres activit\u00e9s, des conf\u00e9rences, une remise de d\u00e9crets de naturalisation, du sport, une nuit de l\u2019int\u00e9gration.<\/p>\n<p class=\"c1\"><strong>Souma\u00efla BONKOUNGOU<\/strong><\/p>\n<div class=\"td-a-rec td-a-rec-id-content_bottom td_uid_31_5dc0a9b4ad0aa_rand td_block_template_1\"><img loading=\"lazy\" decoding=\"async\" class=\"aligncenter size-full wp-image-9623\" src=\"https:\/\/www.sidwaya.info\/wp-content\/uploads\/2019\/06\/Projet-bannie%CC%80re-Orange-mobile.jpg\" alt=\"\" width=\"728\" height=\"81\"\/><\/div>\n<p>Auteur: JK. Sidwaya<br \/>\n<a href=\"https:\/\/www.sidwaya.info\/blog\/2019\/11\/04\/forum-national-de-lintegration-une-caravane-pour-renforcer-lesprit-de-fraternite\/\">Cliquez ici pour lire l&rsquo;article depuis sa source.<\/a><\/p>\n","protected":false},"excerpt":{"rendered":"<p>Une quinzaine de communaut\u00e9s \u00e9trang\u00e8res prend part \u00e0 l\u2019activit\u00e9 Le minist\u00e8re de l\u2019Int\u00e9gration africaine et des Burkinab\u00e8 de l\u2019ext\u00e9rieur a lanc\u00e9, le lundi 28 octobre 2019 \u00e0 Ouagadougou, la 2e \u00e9dition de la Caravane de l\u2019int\u00e9gration. Cette activit\u00e9 se tient en pr\u00e9lude au 3e Forum national de l\u2019int\u00e9gration, pr\u00e9vu du 1er au 3 novembre prochain, [&hellip;]<\/p>\n","protected":false},"author":1816,"featured_media":0,"comment_status":"closed","ping_status":"closed","sticky":false,"template":"","format":"standard","meta":{"fifu_image_url":"","fifu_image_alt":"","footnotes":""},"categories":[73,81],"tags":[],"class_list":["post-66546","post","type-post","status-publish","format-standard","hentry","category-actualite","category-burkina-faso"],"_links":{"self":[{"href":"https:\/\/linitiative.ca\/International\/wp-json\/wp\/v2\/posts\/66546","targetHints":{"allow":["GET"]}}],"collection":[{"href":"https:\/\/linitiative.ca\/International\/wp-json\/wp\/v2\/posts"}],"about":[{"href":"https:\/\/linitiative.ca\/International\/wp-json\/wp\/v2\/types\/post"}],"author":[{"embeddable":true,"href":"https:\/\/linitiative.ca\/International\/wp-json\/wp\/v2\/users\/1816"}],"replies":[{"embeddable":true,"href":"https:\/\/linitiative.ca\/International\/wp-json\/wp\/v2\/comments?post=66546"}],"version-history":[{"count":0,"href":"https:\/\/linitiative.ca\/International\/wp-json\/wp\/v2\/posts\/66546\/revisions"}],"wp:attachment":[{"href":"https:\/\/linitiative.ca\/International\/wp-json\/wp\/v2\/media?parent=66546"}],"wp:term":[{"taxonomy":"category","embeddable":true,"href":"https:\/\/linitiative.ca\/International\/wp-json\/wp\/v2\/categories?post=66546"},{"taxonomy":"post_tag","embeddable":true,"href":"https:\/\/linitiative.ca\/International\/wp-json\/wp\/v2\/tags?post=66546"}],"curies":[{"name":"wp","href":"https:\/\/api.w.org\/{rel}","templated":true}]}}