{"id":66547,"date":"2019-11-04T17:10:02","date_gmt":"2019-11-04T22:10:02","guid":{"rendered":"https:\/\/linitiative.ca\/International\/television-numerique-terrestre-98-du-territoire-couvert\/"},"modified":"2019-11-04T17:10:02","modified_gmt":"2019-11-04T22:10:02","slug":"television-numerique-terrestre-98-du-territoire-couvert","status":"publish","type":"post","link":"https:\/\/linitiative.ca\/International\/television-numerique-terrestre-98-du-territoire-couvert\/","title":{"rendered":"T\u00e9l\u00e9vision num\u00e9rique terrestre : 98%  du territoire couvert"},"content":{"rendered":"<div class=\"td-post-featured-image\" readability=\"34\"><a href=\"https:\/\/i0.wp.com\/www.sidwaya.info\/wp-content\/uploads\/2019\/11\/tnt.gif?fit=700%2C387&#038;ssl=1\" data-caption=\"Le ministre en charge de la communication, R\u00e9mis Fulgance Dandjinou (milieu) invite les \u00e9diteurs \u00e0 une diversification des programmes.\"><img loading=\"lazy\" decoding=\"async\" width=\"696\" height=\"385\" class=\"entry-thumb td-modal-image\" src=\"https:\/\/i0.wp.com\/www.sidwaya.info\/wp-content\/uploads\/2019\/11\/tnt.gif?resize=696%2C385&#038;ssl=1\" alt=\"\" title=\"tnt\"\/><\/a>Le ministre en charge de la communication, R\u00e9mis Fulgance Dandjinou (milieu) invite les \u00e9diteurs \u00e0 une diversification des programmes.<\/div>\n<div class=\"td-a-rec td-a-rec-id-content_top td_uid_30_5dc0a9bb6aa31_rand td_block_template_1\"><img loading=\"lazy\" decoding=\"async\" class=\"aligncenter size-full wp-image-15640\" src=\"https:\/\/www.sidwaya.info\/wp-content\/uploads\/2019\/10\/pf-pub-1.jpeg\" alt=\"\" width=\"1080\" height=\"360\"\/><\/div>\n<p><strong>Les acteurs de la mise en \u0153uvre de la T\u00e9l\u00e9vision num\u00e9rique terrestre ont rencontr\u00e9, le lundi 4 novembre 2019 \u00e0 Ouagadougou, les journalistes pour \u00e9changer sur de l\u2019effectivit\u00e9 de la TNT.<\/strong><\/p>\n<p>La T\u00e9l\u00e9vision num\u00e9rique terrestre (TNT) est effective depuis le 1er novembre 2019 sur l\u2019\u00e9tendue du territoire et 17 cha\u00eenes nationales sont disponibles. Pour apporter l\u2019information, les responsables de sa mise en \u0153uvre ont anim\u00e9 une conf\u00e9rence de presse, le lundi 4 novembre 2019. Le ministre de la Communication et des Relations avec le Parlement, R\u00e9mis Fulgance Dandjinou, a rappel\u00e9 que la TNT est un processus, d\u00e9but\u00e9 depuis 2014.<\/p>\n<p>Aujourd\u2019hui, a-t-il indiqu\u00e9, c\u2019est avec satisfaction que l\u2019on constate qu\u2019elle est une r\u00e9alit\u00e9 au Burkina Faso. \u00abSur 35 sites pr\u00e9vus, 33 sont op\u00e9rationnels et un en cours de finalisation. Le taux de couverture du territoire est de 98%\u00bb, a-t-il laiss\u00e9 entendre. Pour lui, le plus important est que les \u00e9diteurs se pr\u00e9parent pour accueillir cette opportunit\u00e9 avec des programmes et des contenus m\u00e9diatiques qui pourront satisfaire les Burkinab\u00e8.<\/p>\n<p>La question des co\u00fbts est importante, mais il pense que c\u2019est la diversit\u00e9 des productions qui permettra aux \u00e9diteurs de s\u2019en sortir. \u00ab75 millions F CFA par an, c\u2019est le strict minimum qu\u2019on peut proposer aux promoteurs. La Soci\u00e9t\u00e9 burkinab\u00e8 de t\u00e9l\u00e9diffusion(SBT) co\u00fbte 2,5 milliards F CFA par an. Nous avons l\u2019entretien des sites, la location de satellites et les d\u00e9penses de fonctionnement. Tous les pays de la sous-r\u00e9gion regardent le Burkina. Nous n\u2019avons pas le droit d\u2019\u00e9chouer\u00bb, a d\u00e9taill\u00e9 le ministre.<\/p>\n<p>Relativement au prix des \u00e9quipements \u00e0 utiliser par les consommateurs, la directrice g\u00e9n\u00e9rale de la SBT, Kadidia Savadogo, a rassur\u00e9 que le co\u00fbt du d\u00e9codeur de base a \u00e9t\u00e9 plafonn\u00e9 par le gouvernement \u00e0 10\u00a0000 FCFA. Et de promettre, que pour le bouquet d\u00e9j\u00e0 fonctionnel, les t\u00e9l\u00e9spectateurs ne payeront rien. Quant au repr\u00e9sentant de l\u2019Autorit\u00e9 de r\u00e9gulation des communications \u00e9lectroniques et des postes (ARCEP), Robert Sangar\u00e9, il s\u2019est r\u00e9joui du fait que sa structure soit associ\u00e9e \u00e0 cette \u0153uvre gigantesque.\u00a0\u00abLe gouvernement a cr\u00e9\u00e9 des conditions favorables. Ce qu\u2019il faut aux promoteurs, c\u2019est l\u2019innovation et la cr\u00e9ativit\u00e9.<\/p>\n<p>Il faut faire en sorte que les contenus de diff\u00e9rentes cha\u00eenes soient attrayants pour les annonceurs\u00bb, a-t-il indiqu\u00e9. Au sujet des contenus m\u00e9diatiques, le pr\u00e9sident du Conseil sup\u00e9rieur de la Communication (CSC), Mathias Tankouano, pense que les t\u00e9l\u00e9visions peuvent coproduire des s\u00e9ries et \u00e9missions pour la consommation locale. \u00abNous avons sugg\u00e9r\u00e9 \u00e0 la fa\u00eeti\u00e8re des \u00e9diteurs de cr\u00e9er un consortium avec la RTB\/T\u00e9l\u00e9 pour des coproductions. Il y a eu des s\u00e9ries int\u00e9ressantes telles que, Affaires publiques ou Vis-\u00e0-vis qui ont bien march\u00e9\u00bb, a-t-il dit. Il a enfin invit\u00e9 les \u00e9diteurs au respect strict de leurs engagements.<\/p>\n<p class=\"c1\"><strong>Adama SEDGO<\/strong><\/p>\n<div class=\"td-a-rec td-a-rec-id-content_bottom td_uid_31_5dc0a9bb6ac4d_rand td_block_template_1\"><img loading=\"lazy\" decoding=\"async\" class=\"aligncenter size-full wp-image-9623\" src=\"https:\/\/www.sidwaya.info\/wp-content\/uploads\/2019\/06\/Projet-bannie%CC%80re-Orange-mobile.jpg\" alt=\"\" width=\"728\" height=\"81\"\/><\/div>\n<p>Auteur: JK. Sidwaya<br \/>\n<a href=\"https:\/\/www.sidwaya.info\/blog\/2019\/11\/04\/television-numerique-terrestre-98-du-territoire-couvert\/\">Cliquez ici pour lire l&rsquo;article depuis sa source.<\/a><\/p>\n","protected":false},"excerpt":{"rendered":"<p>Le ministre en charge de la communication, R\u00e9mis Fulgance Dandjinou (milieu) invite les \u00e9diteurs \u00e0 une diversification des programmes. Les acteurs de la mise en \u0153uvre de la T\u00e9l\u00e9vision num\u00e9rique terrestre ont rencontr\u00e9, le lundi 4 novembre 2019 \u00e0 Ouagadougou, les journalistes pour \u00e9changer sur de l\u2019effectivit\u00e9 de la TNT. La T\u00e9l\u00e9vision num\u00e9rique terrestre (TNT) [&hellip;]<\/p>\n","protected":false},"author":1816,"featured_media":0,"comment_status":"closed","ping_status":"closed","sticky":false,"template":"","format":"standard","meta":{"fifu_image_url":"","fifu_image_alt":"","footnotes":""},"categories":[73,81],"tags":[],"class_list":["post-66547","post","type-post","status-publish","format-standard","hentry","category-actualite","category-burkina-faso"],"_links":{"self":[{"href":"https:\/\/linitiative.ca\/International\/wp-json\/wp\/v2\/posts\/66547","targetHints":{"allow":["GET"]}}],"collection":[{"href":"https:\/\/linitiative.ca\/International\/wp-json\/wp\/v2\/posts"}],"about":[{"href":"https:\/\/linitiative.ca\/International\/wp-json\/wp\/v2\/types\/post"}],"author":[{"embeddable":true,"href":"https:\/\/linitiative.ca\/International\/wp-json\/wp\/v2\/users\/1816"}],"replies":[{"embeddable":true,"href":"https:\/\/linitiative.ca\/International\/wp-json\/wp\/v2\/comments?post=66547"}],"version-history":[{"count":0,"href":"https:\/\/linitiative.ca\/International\/wp-json\/wp\/v2\/posts\/66547\/revisions"}],"wp:attachment":[{"href":"https:\/\/linitiative.ca\/International\/wp-json\/wp\/v2\/media?parent=66547"}],"wp:term":[{"taxonomy":"category","embeddable":true,"href":"https:\/\/linitiative.ca\/International\/wp-json\/wp\/v2\/categories?post=66547"},{"taxonomy":"post_tag","embeddable":true,"href":"https:\/\/linitiative.ca\/International\/wp-json\/wp\/v2\/tags?post=66547"}],"curies":[{"name":"wp","href":"https:\/\/api.w.org\/{rel}","templated":true}]}}