{"id":66550,"date":"2019-11-04T17:33:31","date_gmt":"2019-11-04T22:33:31","guid":{"rendered":"https:\/\/linitiative.ca\/International\/lutte-contre-linsecurite-les-experts-du-g5-sahel-revisitent-leurs-actions\/"},"modified":"2019-11-04T17:33:31","modified_gmt":"2019-11-04T22:33:31","slug":"lutte-contre-linsecurite-les-experts-du-g5-sahel-revisitent-leurs-actions","status":"publish","type":"post","link":"https:\/\/linitiative.ca\/International\/lutte-contre-linsecurite-les-experts-du-g5-sahel-revisitent-leurs-actions\/","title":{"rendered":"Lutte contre l\u2019ins\u00e9curit\u00e9 :  Les experts du G5 sahel revisitent  leurs actions"},"content":{"rendered":"<div class=\"td-post-featured-image\" readability=\"37\"><a href=\"https:\/\/i1.wp.com\/www.sidwaya.info\/wp-content\/uploads\/2019\/11\/abel.gif?fit=700%2C448&#038;ssl=1\" data-caption=\"Le secr\u00e9taire g\u00e9n\u00e9ral du minist\u00e8re de l\u2019Economie, des Finances et du D\u00e9veloppement, Abel Som\u00e9\u00a0: \u00abAvec la mutualisation des moyens sur le plan s\u00e9curitaire, nous allons vaincre le terrorisme\u00bb.\"><img loading=\"lazy\" decoding=\"async\" width=\"696\" height=\"445\" class=\"entry-thumb td-modal-image\" src=\"https:\/\/i1.wp.com\/www.sidwaya.info\/wp-content\/uploads\/2019\/11\/abel.gif?resize=696%2C445&#038;ssl=1\" alt=\"\" title=\"abel\"\/><\/a>Le secr\u00e9taire g\u00e9n\u00e9ral du minist\u00e8re de l\u2019Economie, des Finances et du D\u00e9veloppement, Abel Som\u00e9\u00a0: \u00abAvec la mutualisation des moyens sur le plan s\u00e9curitaire, nous allons vaincre le terrorisme\u00bb.<\/div>\n<div class=\"td-a-rec td-a-rec-id-content_top td_uid_30_5dc0a9c6558f8_rand td_block_template_1\"><img loading=\"lazy\" decoding=\"async\" class=\"aligncenter size-full wp-image-15640\" src=\"https:\/\/www.sidwaya.info\/wp-content\/uploads\/2019\/10\/pf-pub-1.jpeg\" alt=\"\" width=\"1080\" height=\"360\"\/><\/div>\n<p><strong>La r\u00e9union pr\u00e9paratoire des experts de la sixi\u00e8me session ordinaire du Conseil des ministres du G5 Sahel s\u2019est ouverte, le samedi 2 novembre 2019 \u00e0 Ouagadougou.<\/strong><\/p>\n<p>Les experts du G5 Sahel veulent donner un \u00e9clat particulier \u00e0 la sixi\u00e8me session ordinaire du Conseil des ministres de l\u2019espace pr\u00e9vue pour le 5 novembre. A cet effet, ils se sont r\u00e9unis le samedi 2 novembre 2019 \u00e0 Ouagadougou pour des travaux pr\u00e9paratifs.<\/p>\n<p>Selon le secr\u00e9taire g\u00e9n\u00e9ral du minist\u00e8re de l\u2019Economie des Finances et du D\u00e9veloppement, Abel Som\u00e9, repr\u00e9sentant son ministre Lassan\u00e9 Kabor\u00e9, l\u2019objectif principal de cette rencontre pr\u00e9paratoire du Conseil des ministres, vise \u00e0 acc\u00e9l\u00e9rer la mise en \u0153uvre des projets au b\u00e9n\u00e9fice des populations \u00e0 travers des outils \u00e9labor\u00e9s qui vont permettre de multiplier des efforts pour r\u00e9pondre au besoin de l\u2019urgence.<\/p>\n<p>De l\u2019avis de M. Som\u00e9, les r\u00e9flexions vont porter sur plusieurs angles, entre autres, l\u2019\u00e9tat d\u2019ex\u00e9cution du budget du Secr\u00e9tariat permanent du G5, le processus d\u2019\u00e9laboration du cadre strat\u00e9gique int\u00e9gr\u00e9 s\u00e9curit\u00e9-d\u00e9veloppement, l\u2019\u00e9tat de mise en \u0153uvre de la feuille de route de la pr\u00e9sidence burkinab\u00e8 du G5 Sahel. Pour le Secr\u00e9taire permanent du G5 Sahel, Maman Sambo Sidikou, les points abord\u00e9s vont permettre de passer en revue l\u2019organisation et maximiser le potentiel du travail collectif afin de proc\u00e9der aux ajustements n\u00e9cessaires pour les mois \u00e0 venir.<\/p>\n<p><strong>Des plans d\u2019actions satisfaisants<\/strong><\/p>\n<p><img loading=\"lazy\" decoding=\"async\" class=\"size-medium wp-image-15886\" src=\"https:\/\/i2.wp.com\/www.sidwaya.info\/wp-content\/uploads\/2019\/11\/g55.gif?resize=300%2C150&#038;ssl=1\" alt=\"\" width=\"300\" height=\"150\" srcset=\"https:\/\/i2.wp.com\/www.sidwaya.info\/wp-content\/uploads\/2019\/11\/g55.gif?resize=300%2C150&#038;ssl=1 300w, https:\/\/i2.wp.com\/www.sidwaya.info\/wp-content\/uploads\/2019\/11\/g55.gif?resize=696%2C350&#038;ssl=1 696w\" sizes=\"auto, (max-width: 300px) 100vw, 300px\" data-recalc-dims=\"1\"\/>Les experts du G5 Sahel sont en conclave du 2 au 5 novembre pour examiner plusieurs<br \/>des projets mis en \u0153uvre.<\/p>\n<p>Malgr\u00e9 les multiples attaques terroristes dans les diff\u00e9rents pays, a-t-il pr\u00e9cis\u00e9, des projets ont pu voir le jour pour accompagner la population \u00e0 l\u2019exercice de leurs activit\u00e9s. Selon le coordonateur point focal G5 Sahel-Burkina Faso, Norbert Kohoun Souakou, le G5 Sahel n\u2019est pas seulement s\u00e9curitaire. En effet, a-t-il poursuivi, des moyens sont mobilis\u00e9s pour la r\u00e9alisation des projets concrets en faveur de la population.<\/p>\n<p>\u00ab\u00a0Nous avons lanc\u00e9 le projet d\u2019\u00e9tudes Trans-saharien qui est un projet d\u2019envergure et commandit\u00e9 par les chefs d\u2019Etat\u00a0\u00bb, a-t-il indiqu\u00e9. A entendre M. Souakou, d\u2019autres projets sont pr\u00e9vus pour venir en aide \u00e0 la population. Au cours de cette session, a pr\u00e9cis\u00e9 le coordonateur point focal G5 Sahel-Burkina Faso, une signature de convention avec les maires des r\u00e9gions frontali\u00e8res est pr\u00e9vue pour la mise en \u0153uvre d\u2019autres projets. Outre ceux-ci, sur le plan s\u00e9curitaire, il a soulign\u00e9 que des efforts ont \u00e9t\u00e9 constat\u00e9s.<\/p>\n<p class=\"c1\">Pour lui, avec l\u2019arriv\u00e9e du g\u00e9n\u00e9ral Oumarou Namata Gazama \u00e0 la t\u00eate de la Force conjointe, une nouvelle phase de r\u00e9organisation de la troupe a \u00e9t\u00e9 install\u00e9e pour vaincre l\u2019ennemi. \u00abNotre mission est de travailler pour assurer la s\u00e9curit\u00e9 de la population et de r\u00e9pondre \u00e0 ses pr\u00e9occupations\u00bb, a-t-il rassur\u00e9.<\/p>\n<p class=\"c2\"><strong>Oumarou RABO<\/strong><br \/>(Stagiaire)<\/p>\n<div class=\"td-a-rec td-a-rec-id-content_bottom td_uid_31_5dc0a9c655b11_rand td_block_template_1\"><img loading=\"lazy\" decoding=\"async\" class=\"aligncenter size-full wp-image-9623\" src=\"https:\/\/www.sidwaya.info\/wp-content\/uploads\/2019\/06\/Projet-bannie%CC%80re-Orange-mobile.jpg\" alt=\"\" width=\"728\" height=\"81\"\/><\/div>\n<p>Auteur: JK. Sidwaya<br \/>\n<a href=\"https:\/\/www.sidwaya.info\/blog\/2019\/11\/04\/lutte-contre-linsecurite-les-experts-du-g5-sahel-revisitent-leurs-actions\/\">Cliquez ici pour lire l&rsquo;article depuis sa source.<\/a><\/p>\n","protected":false},"excerpt":{"rendered":"<p>Le secr\u00e9taire g\u00e9n\u00e9ral du minist\u00e8re de l\u2019Economie, des Finances et du D\u00e9veloppement, Abel Som\u00e9\u00a0: \u00abAvec la mutualisation des moyens sur le plan s\u00e9curitaire, nous allons vaincre le terrorisme\u00bb. La r\u00e9union pr\u00e9paratoire des experts de la sixi\u00e8me session ordinaire du Conseil des ministres du G5 Sahel s\u2019est ouverte, le samedi 2 novembre 2019 \u00e0 Ouagadougou. Les [&hellip;]<\/p>\n","protected":false},"author":1816,"featured_media":0,"comment_status":"closed","ping_status":"closed","sticky":false,"template":"","format":"standard","meta":{"fifu_image_url":"","fifu_image_alt":"","footnotes":""},"categories":[73,81],"tags":[],"class_list":["post-66550","post","type-post","status-publish","format-standard","hentry","category-actualite","category-burkina-faso"],"_links":{"self":[{"href":"https:\/\/linitiative.ca\/International\/wp-json\/wp\/v2\/posts\/66550","targetHints":{"allow":["GET"]}}],"collection":[{"href":"https:\/\/linitiative.ca\/International\/wp-json\/wp\/v2\/posts"}],"about":[{"href":"https:\/\/linitiative.ca\/International\/wp-json\/wp\/v2\/types\/post"}],"author":[{"embeddable":true,"href":"https:\/\/linitiative.ca\/International\/wp-json\/wp\/v2\/users\/1816"}],"replies":[{"embeddable":true,"href":"https:\/\/linitiative.ca\/International\/wp-json\/wp\/v2\/comments?post=66550"}],"version-history":[{"count":0,"href":"https:\/\/linitiative.ca\/International\/wp-json\/wp\/v2\/posts\/66550\/revisions"}],"wp:attachment":[{"href":"https:\/\/linitiative.ca\/International\/wp-json\/wp\/v2\/media?parent=66550"}],"wp:term":[{"taxonomy":"category","embeddable":true,"href":"https:\/\/linitiative.ca\/International\/wp-json\/wp\/v2\/categories?post=66550"},{"taxonomy":"post_tag","embeddable":true,"href":"https:\/\/linitiative.ca\/International\/wp-json\/wp\/v2\/tags?post=66550"}],"curies":[{"name":"wp","href":"https:\/\/api.w.org\/{rel}","templated":true}]}}