{"id":66553,"date":"2019-11-04T15:50:03","date_gmt":"2019-11-04T20:50:03","guid":{"rendered":"https:\/\/linitiative.ca\/International\/turquie-liberation-de-deux-intellectuels-condamnes-pour-le-putsch-manque\/"},"modified":"2019-11-04T15:50:03","modified_gmt":"2019-11-04T20:50:03","slug":"turquie-liberation-de-deux-intellectuels-condamnes-pour-le-putsch-manque","status":"publish","type":"post","link":"https:\/\/linitiative.ca\/International\/turquie-liberation-de-deux-intellectuels-condamnes-pour-le-putsch-manque\/","title":{"rendered":"Turquie: lib\u00e9ration de deux intellectuels condamn\u00e9s pour le putsch manqu\u00e9"},"content":{"rendered":"<div readability=\"32\">\n<p>Publi\u00e9 le 04.11.2019 \u00e0 21h50 par AFP<\/p>\n<\/div>\n<div readability=\"138\">\n<p>Un tribunal turc a ordonn\u00e9 lundi la remise en libert\u00e9 de deux intellectuels de renom, Ahmet Altan et Nazli Ilicak, dont la condamnation \u00e0 la prison \u00e0 vie en lien avec une tentative de putsch en 2016 avait suscit\u00e9 un toll\u00e9.<\/p>\n<p>Le journaliste et \u00e9crivain Ahmet Altan a \u00e9t\u00e9 condamn\u00e9 \u00e0 10 ans et demi de prison pour \u00ab\u00a0assistance \u00e0 une organisation terroriste\u00a0\u00bb, mais le tribunal a demand\u00e9 sa lib\u00e9ration sous contr\u00f4le judiciaire en raison des plus de trois ann\u00e9es qu\u2019il a d\u00e9j\u00e0 pass\u00e9es derri\u00e8re les barreaux, selon l\u2019agence de presse \u00e9tatique Anadolu.<\/p>\n<p>Le m\u00eame tribunal a condamn\u00e9 la journaliste et auteure Nazli Ilicak \u00e0 huit ans et neuf mois de prison, pour le m\u00eame chef d\u2019accusation, mais \u00e9galement ordonn\u00e9 sa remise en libert\u00e9 sous contr\u00f4le judiciaire pour les m\u00eames raisons.<\/p>\n<p>Les deux intellectuels avaient \u00e9t\u00e9 condamn\u00e9s en 2018 \u00e0 la prison \u00e0 perp\u00e9tuit\u00e9 pour participation au putsch, une d\u00e9cision cass\u00e9e en juillet dernier.<\/p>\n<p>Pour les ONG, l\u2019affaire Altan-Ilicak est embl\u00e9matique de la d\u00e9t\u00e9rioration des droits humains en Turquie apr\u00e8s le putsch manqu\u00e9 en juillet 2016 contre le pr\u00e9sident Recep Tayyip Erdogan, qui a lanc\u00e9 des purges massives ayant frapp\u00e9 de plein fouet m\u00e9dias et milieux intellectuels.<\/p>\n<p>M. Altan, 69 ans, et Mme Ilicak, 74 ans, avaient \u00e9t\u00e9 arr\u00eat\u00e9s quelques mois apr\u00e8s le putsch manqu\u00e9. Le tribunal leur a interdit lundi de quitter la Turquie. Il n\u2019\u00e9tait pas clair dans l\u2019imm\u00e9diat quand ils pourraient sortir de prison.<\/p>\n<p>Le tribunal d\u2019Istanbul a par ailleurs acquitt\u00e9 lundi le fr\u00e8re d\u2019Ahmet Altan, le romancier Mehmet Altan. Il avait \u00e9t\u00e9 remis en libert\u00e9 l\u2019an dernier apr\u00e8s avoir \u00e9t\u00e9 \u00e9galement condamn\u00e9 \u00e0 la prison \u00e0 vie en lien avec la tentative de putsch, et la Cour de cassation avait demand\u00e9 \u00e0 ce qu\u2019il soit innocent\u00e9.<\/p>\n<p>Ag\u00e9 de 66 ans, Mehmet Altan est l\u2019auteur de plusieurs ouvrages sur la politique. Il avait \u00e9t\u00e9 arr\u00eat\u00e9 en septembre 2016 avec son fr\u00e8re Ahmet.<\/p>\n<p>\u2013 \u00ab\u00a0Pas peur\u00a0\u00bb \u2013<\/p>\n<p>En juillet dernier, la Cour de cassation avait annul\u00e9 la condamnation d\u2019Ahmet Altan et de Nazli Ilicak \u00e0 la prison \u00e0 vie, estimant qu\u2019ils n\u2019auraient pas d\u00fb \u00eatre jug\u00e9s pour tentative de putsch, mais pour avoir aid\u00e9 un \u00ab\u00a0groupe terroriste\u00a0\u00bb, un chef d\u2019accusation passible d\u2019une peine inf\u00e9rieure.<\/p>\n<p>C\u2019est sur la base de ce nouveau chef d\u2019accusation, \u00ab\u00a0assistance d\u00e9lib\u00e9r\u00e9e \u00e0 une organisation terroriste arm\u00e9e sans en \u00eatre membre\u00a0\u00bb, qu\u2019ils ont \u00e9t\u00e9 condamn\u00e9s lundi.<\/p>\n<p>Les autorit\u00e9s turques attribuent la tentative de putsch au mouvement du pr\u00e9dicateur Fethullah G\u00fclen et qualifie celui-ci de \u00ab\u00a0groupe terroriste\u00a0\u00bb. M. G\u00fclen, qui r\u00e9side aux Etats-Unis depuis une vingtaine d\u2019ann\u00e9es, nie toute implication.<\/p>\n<p>Ahmet Altan, qui a fond\u00e9 le journal d\u2019opposition Taraf, s\u2019est notamment fait conna\u00eetre en dehors de Turquie par son r\u00e9cit de sa vie en prison. Son livre \u00ab\u00a0Je ne reverrai plus le monde\u00a0\u00bb a paru cette ann\u00e9e en France aux \u00e9ditions Actes Sud.<\/p>\n<p>Tout au long du proc\u00e8s, Ahmet Altan a d\u00e9fi\u00e9 les accusations. \u00ab\u00a0Si vous voulez me garder en prison, faites-le aussi longtemps que vous voudrez: je n\u2019ai pas peur\u00a0\u00bb, a-t-il lanc\u00e9 lundi au tribunal, selon les m\u00e9dias turcs.<\/p>\n<p>\u00ab\u00a0Je pr\u00e9f\u00e8re passer le reste de ma vie en prison plut\u00f4t que c\u00e9der \u00e0 la peur\u00a0\u00bb, a-t-il ajout\u00e9.<\/p>\n<p>Mme Ilicak, journaliste et \u00e9crivaine qui a travaill\u00e9 jusqu\u2019en 2013 pour le grand quotidien pro-gouvernemental Sabah, est en prison depuis fin juillet 2016.<\/p>\n<p>M. Altan et Mme Ilicak, des intellectuels respect\u00e9s en Turquie, ont toujours ni\u00e9 toute implication dans la tentative de coup d\u2019Etat, rejetant des accusations \u00ab\u00a0grotesques\u00a0\u00bb.<\/p>\n<p>Ils \u00e9taient notamment accus\u00e9s d\u2019avoir envoy\u00e9 des \u00ab\u00a0messages subliminaux\u00a0\u00bb lors d\u2019une \u00e9mission retransmise en direct sur une cha\u00eene pro-G\u00fclen \u00e0 la veille du putsch manqu\u00e9, un \u00e9l\u00e9ment qui a ensuite disparu de l\u2019acte d\u2019accusation.<\/p>\n<p>La Turquie, o\u00f9 plusieurs m\u00e9dias ont \u00e9t\u00e9 ferm\u00e9s et journalistes arr\u00eat\u00e9s depuis 2016, figure \u00e0 la 157\u00e8me place sur 180 au classement 2019 de la libert\u00e9 de la presse de l\u2019ONG Reporters sans fronti\u00e8res.<\/p>\n<\/div>\n<p>Auteur: AFP<br \/>\n<a href=\"https:\/\/www.journalducameroun.com\/turquie-liberation-de-deux-intellectuels-condamnes-pour-le-putsch-manque\/\">Cliquez ici pour lire l&rsquo;article depuis sa source.<\/a><\/p>\n","protected":false},"excerpt":{"rendered":"<p>Publi\u00e9 le 04.11.2019 \u00e0 21h50 par AFP Un tribunal turc a ordonn\u00e9 lundi la remise en libert\u00e9 de deux intellectuels de renom, Ahmet Altan et Nazli Ilicak, dont la condamnation \u00e0 la prison \u00e0 vie en lien avec une tentative de putsch en 2016 avait suscit\u00e9 un toll\u00e9. Le journaliste et \u00e9crivain Ahmet Altan a [&hellip;]<\/p>\n","protected":false},"author":1965,"featured_media":0,"comment_status":"closed","ping_status":"closed","sticky":false,"template":"","format":"standard","meta":{"fifu_image_url":"","fifu_image_alt":"","footnotes":""},"categories":[73,82],"tags":[],"class_list":["post-66553","post","type-post","status-publish","format-standard","hentry","category-actualite","category-cameroun"],"_links":{"self":[{"href":"https:\/\/linitiative.ca\/International\/wp-json\/wp\/v2\/posts\/66553","targetHints":{"allow":["GET"]}}],"collection":[{"href":"https:\/\/linitiative.ca\/International\/wp-json\/wp\/v2\/posts"}],"about":[{"href":"https:\/\/linitiative.ca\/International\/wp-json\/wp\/v2\/types\/post"}],"author":[{"embeddable":true,"href":"https:\/\/linitiative.ca\/International\/wp-json\/wp\/v2\/users\/1965"}],"replies":[{"embeddable":true,"href":"https:\/\/linitiative.ca\/International\/wp-json\/wp\/v2\/comments?post=66553"}],"version-history":[{"count":0,"href":"https:\/\/linitiative.ca\/International\/wp-json\/wp\/v2\/posts\/66553\/revisions"}],"wp:attachment":[{"href":"https:\/\/linitiative.ca\/International\/wp-json\/wp\/v2\/media?parent=66553"}],"wp:term":[{"taxonomy":"category","embeddable":true,"href":"https:\/\/linitiative.ca\/International\/wp-json\/wp\/v2\/categories?post=66553"},{"taxonomy":"post_tag","embeddable":true,"href":"https:\/\/linitiative.ca\/International\/wp-json\/wp\/v2\/tags?post=66553"}],"curies":[{"name":"wp","href":"https:\/\/api.w.org\/{rel}","templated":true}]}}