{"id":66556,"date":"2019-11-04T16:50:07","date_gmt":"2019-11-04T21:50:07","guid":{"rendered":"https:\/\/linitiative.ca\/International\/la-ministre-francaise-des-armees-prone-la-patience-au-sahel-face-aux-jihadistes-2\/"},"modified":"2019-11-04T16:50:07","modified_gmt":"2019-11-04T21:50:07","slug":"la-ministre-francaise-des-armees-prone-la-patience-au-sahel-face-aux-jihadistes-2","status":"publish","type":"post","link":"https:\/\/linitiative.ca\/International\/la-ministre-francaise-des-armees-prone-la-patience-au-sahel-face-aux-jihadistes-2\/","title":{"rendered":"La ministre fran\u00e7aise des Arm\u00e9es pr\u00f4ne la patience au Sahel face aux jihadistes"},"content":{"rendered":"<div readability=\"32\">\n<p>Publi\u00e9 le 04.11.2019 \u00e0 22h50 par AFP<\/p>\n<\/div>\n<div readability=\"152\">\n<p>La ministre fran\u00e7aise des Arm\u00e9es, Florence Parly, en tourn\u00e9e dans le Sahel, a pr\u00f4n\u00e9 lundi la patience dans la guerre contre les jihadistes, tout en annon\u00e7ant le coup d\u2019envoi d\u2019une op\u00e9ration de l\u2019Op\u00e9ration Barkhane dans la zone des trois fronti\u00e8res Burkina-Mali-Niger.<\/p>\n<p>\u00ab\u00a0Nous mettrons du temps \u00e0 vaincre ces groupes qui prosp\u00e8rent sur les difficult\u00e9s sociales et \u00e9conomiques des pays sah\u00e9liens\u00a0\u00bb, a estim\u00e9 Mme Parly au Centre op\u00e9rationnel interarm\u00e9es de la force fran\u00e7aise Barkhane, \u00e0 N\u2019Djamena, premi\u00e8re \u00e9tape de sa tourn\u00e9e qui se d\u00e9roule dans un contexte s\u00e9curitaire tendu apr\u00e8s la mort d\u2019un soldat fran\u00e7ais, de 51 militaires maliens et d\u2019un d\u00e9put\u00e9-maire burkinab\u00e8 et ses trois accompagnateurs.<\/p>\n<p>\u00ab\u00a0C\u2019est un combat dans lequel il faut faire preuve de patience\u00a0\u00bb, a martel\u00e9 la ministre. \u00ab\u00a0Barkhane ne s\u2019enlise pas. Barkhane s\u2019adapte en permanence (\u2026), il faudra encore du temps pour construire cette r\u00e9silience des forces locales. Notre engagement au Sahel est et reste une priorit\u00e9 pour la France\u00a0\u00bb.<\/p>\n<p>Elle s\u2019est ensuite envol\u00e9e pour Ouagadougou o\u00f9 elle a rencontr\u00e9 le pr\u00e9sident Roch Marc Christian Kabor\u00e9.<\/p>\n<p>\u00ab\u00a0Nous avons \u00e9voqu\u00e9 la situation r\u00e9gionale en particulier sous l\u2019angle s\u00e9curitaire. J\u2019ai \u00e9galement eu la possibilit\u00e9 de partager avec la pr\u00e9sident, au-del\u00e0 des \u00e9v\u00e9nements tragiques des derniers jours, les progr\u00e8s qui ont \u00e9t\u00e9 r\u00e9alis\u00e9s dans la lutte contre le terrorisme, des progr\u00e8s qui sont le fait de la collaboration tr\u00e8s efficace entre Barkhane et les forces arm\u00e9es burkinab\u00e8\u00a0\u00bb, a-t-elle dit.<\/p>\n<p>Elle a annonc\u00e9 le lancement \u00ab\u00a0aujourd\u2019hui (lundi) m\u00eame de l\u2019op\u00e9ration Bourgou 4, conduite par Barkhane mais avec la participation \u00e9minente de deux compagnies burkinab\u00e8 et qui va se d\u00e9rouler dans la zone des trois fronti\u00e8res, qui est la zone dans laquelle on doit porter l\u2019effort\u00a0\u00bb.<\/p>\n<p>\u00ab\u00a0Le combat continue, il doit continuer, c\u2019est un combat de longue haleine que nous devons mener ensemble contre le terrorisme\u00a0\u00bb,<\/p>\n<p>\u2013 Hommage aux forces sp\u00e9ciales \u2013<\/p>\n<p>L\u2019op\u00e9ration fran\u00e7aise, lanc\u00e9e en ao\u00fbt 2014, mobilise 4.500 militaires fran\u00e7ais dans la bande sah\u00e9lo-saharienne, en soutien aux arm\u00e9es nationales qui combattent des jihadistes affili\u00e9s au groupe Etat islamique (EI) ou \u00e0 Al-Qa\u00efda.<\/p>\n<p>La ministre a ensuite rendu visite aux quelque 200 membres des Forces sp\u00e9ciales fran\u00e7aises de la Task Force Sabre. Elle s\u2019est notamment recueillie devant la st\u00e8le d\u00e9di\u00e9e aux membres des forces sp\u00e9ciales tu\u00e9s au Sahel depuis 2013.<\/p>\n<p>Les noms des maitres Alain Bertoncello et C\u00e9dric de Pierrepont, d\u00e9c\u00e9d\u00e9es en mai en lib\u00e9rant deux otages fran\u00e7ais enlev\u00e9s au B\u00e9nin (ainsi qu\u2019une Am\u00e9ricaine et une Sud-Cor\u00e9enne) ont \u00e9t\u00e9 ajout\u00e9s \u00e0 la liste.<\/p>\n<p>La ministre devait quitter Ouagadougou dans la soir\u00e9e pour se rendre au Mali, derni\u00e8re \u00e9tape avant de rentrer en France.<\/p>\n<p>\u00ab\u00a0Ce voyage se tient dans un contexte s\u00e9curitaire extr\u00eamement difficile\u00a0\u00bb, avait d\u00e9clar\u00e9 \u00e0 l\u2019AFP la ministre dans l\u2019avion l\u2019emmenant \u00e0 N\u2019Djamena, deux jours apr\u00e8s la mort, samedi, d\u2019un soldat fran\u00e7ais tu\u00e9 par un engin explosif dans le nord-est du Mali, un attentat revendiqu\u00e9 par une branche locale du groupe Etat islamique.<\/p>\n<p>Le brigadier Ronan Pointeau, 24 ans, \u00ab\u00a0s\u2019\u00e9tait distingu\u00e9 par sa vaillance, son talent et son enthousiasme (\u2026), nous devons continuer le combat auquel (il) a consacr\u00e9 sa vie, jusqu\u2019\u00e0 la donner\u00a0\u00bb, a d\u00e9clar\u00e9 Mme Parly devant les militaires de Barkhane.<\/p>\n<p>\u00ab\u00a0Et je veux avoir une pens\u00e9e pour les militaires maliens tomb\u00e9s lors de l\u2019attaque\u00a0\u00bb \u00e0 Indelimane vendredi, \u00ab\u00a0eux aussi paient lourdement le prix du sang dans ce combat\u00a0\u00bb, a poursuivi la ministre. Au moins 51 soldats maliens ont \u00e9t\u00e9 tu\u00e9s vendredi et samedi: 49 dans l\u2019attaque d\u2019un camp militaire \u00e0 Indelimane, dans le nord-est, \u00e9galement revendiqu\u00e9e par l\u2019EI, et deux samedi dans le centre du Mali.<\/p>\n<p>Les violences jihadistes persistent dans le nord du Mali, six ans apr\u00e8s l\u2019intervention militaire fran\u00e7aise Serval, \u00e0 laquelle a succ\u00e9d\u00e9 l\u2019op\u00e9ration Barkhane. Elles se sont propag\u00e9es au Burkina Faso et au Niger voisins.<\/p>\n<p>Quatre personnes, dont le d\u00e9put\u00e9-maire de Djibo, une grande ville du nord du Burkina Faso o\u00f9 les jihadistes multiplient les attaques, ont \u00e9t\u00e9 tu\u00e9es dimanche dans une embuscade, non loin d\u2019un camp de l\u2019arm\u00e9e que 70 soldats fran\u00e7ais de Barkhane avaient contribu\u00e9 \u00e0 renforcer en septembre.<\/p>\n<p>Les arm\u00e9es nationales des pays sah\u00e9liens, parmi les plus pauvres au monde, semblent incapables d\u2019enrayer la progression des attaques malgr\u00e9 l\u2019appui de troupes \u00e9trang\u00e8res, notamment des militaires fran\u00e7ais.<\/p>\n<\/div>\n<p>Auteur: AFP<br \/>\n<a href=\"https:\/\/www.journalducameroun.com\/la-ministre-francaise-des-armees-prone-la-patience-au-sahel-face-aux-jihadistes-3\/\">Cliquez ici pour lire l&rsquo;article depuis sa source.<\/a><\/p>\n","protected":false},"excerpt":{"rendered":"<p>Publi\u00e9 le 04.11.2019 \u00e0 22h50 par AFP La ministre fran\u00e7aise des Arm\u00e9es, Florence Parly, en tourn\u00e9e dans le Sahel, a pr\u00f4n\u00e9 lundi la patience dans la guerre contre les jihadistes, tout en annon\u00e7ant le coup d\u2019envoi d\u2019une op\u00e9ration de l\u2019Op\u00e9ration Barkhane dans la zone des trois fronti\u00e8res Burkina-Mali-Niger. \u00ab\u00a0Nous mettrons du temps \u00e0 vaincre ces [&hellip;]<\/p>\n","protected":false},"author":1965,"featured_media":0,"comment_status":"closed","ping_status":"closed","sticky":false,"template":"","format":"standard","meta":{"fifu_image_url":"","fifu_image_alt":"","footnotes":""},"categories":[73,82],"tags":[],"class_list":["post-66556","post","type-post","status-publish","format-standard","hentry","category-actualite","category-cameroun"],"_links":{"self":[{"href":"https:\/\/linitiative.ca\/International\/wp-json\/wp\/v2\/posts\/66556","targetHints":{"allow":["GET"]}}],"collection":[{"href":"https:\/\/linitiative.ca\/International\/wp-json\/wp\/v2\/posts"}],"about":[{"href":"https:\/\/linitiative.ca\/International\/wp-json\/wp\/v2\/types\/post"}],"author":[{"embeddable":true,"href":"https:\/\/linitiative.ca\/International\/wp-json\/wp\/v2\/users\/1965"}],"replies":[{"embeddable":true,"href":"https:\/\/linitiative.ca\/International\/wp-json\/wp\/v2\/comments?post=66556"}],"version-history":[{"count":0,"href":"https:\/\/linitiative.ca\/International\/wp-json\/wp\/v2\/posts\/66556\/revisions"}],"wp:attachment":[{"href":"https:\/\/linitiative.ca\/International\/wp-json\/wp\/v2\/media?parent=66556"}],"wp:term":[{"taxonomy":"category","embeddable":true,"href":"https:\/\/linitiative.ca\/International\/wp-json\/wp\/v2\/categories?post=66556"},{"taxonomy":"post_tag","embeddable":true,"href":"https:\/\/linitiative.ca\/International\/wp-json\/wp\/v2\/tags?post=66556"}],"curies":[{"name":"wp","href":"https:\/\/api.w.org\/{rel}","templated":true}]}}