{"id":66560,"date":"2019-11-04T11:18:47","date_gmt":"2019-11-04T16:18:47","guid":{"rendered":"https:\/\/linitiative.ca\/International\/le-cameroun-ratifie-la-charte-africaine-sur-la-decentralisation\/"},"modified":"2019-11-04T11:18:47","modified_gmt":"2019-11-04T16:18:47","slug":"le-cameroun-ratifie-la-charte-africaine-sur-la-decentralisation","status":"publish","type":"post","link":"https:\/\/linitiative.ca\/International\/le-cameroun-ratifie-la-charte-africaine-sur-la-decentralisation\/","title":{"rendered":"Le Cameroun ratifie la Charte africaine sur la d\u00e9centralisation"},"content":{"rendered":"<p>Ladite charte a pour objectif de\u00a0\u00a0promouvoir la d\u00e9centralisation, la gouvernance locale et le d\u00e9veloppement local en Afrique. Mais aussi, de soutenir la gouvernance et la d\u00e9mocratie locales, en mobilisant des ressources pour assurer le d\u00e9veloppement \u00e9conomique. Elle stipule que la d\u00e9centralisation et la gouvernance locale doivent s\u2019impl\u00e9menter dans le respect de l\u2019\u00e9quit\u00e9, de l\u2019\u00e9galit\u00e9, du respect des droits de l\u2019homme et de la tol\u00e9rance. Une telle disposition a \u00e9t\u00e9 d\u2019abord institu\u00e9e par la Constitution du 18 janvier 1996 avant d\u2019\u00eatre adopt\u00e9e en juin 2014 \u00e0 Malabo, en Guin\u00e9e \u00c9quatoriale.<\/p>\n<p>Cette charte africaine arrive dans un contexte o\u00f9 le sujet de la gouvernance locale\u00a0\u00a0a fait l\u2019objet de s\u00e9rieuses discussions pendant le Grand dialogue national (GDN) tenu du 30 septembre au 4 octobre 2019, sous l\u2019initiative du pr\u00e9sident <strong>Paul Biya.<\/strong> A son terme, il a \u00e9t\u00e9 recommand\u00e9 la mise en place d\u2019une d\u00e9centralisation plus efficace, l\u2019octroi d\u2019un statut sp\u00e9cial aux zones anglophones, la mise en place effective des r\u00e9gions telle que pr\u00e9vue par la Loi fondamentale, mais aussi la suppression du poste de d\u00e9l\u00e9gu\u00e9 du gouvernement en vigueur dans les grandes agglom\u00e9rations.<\/p>\n<p>Cependant, au-del\u00e0 de cette ratification, les observateurs redoutent que celle-ci ne se traduise pas dans les faits, par un v\u00e9ritable transfert de comp\u00e9tences et de ressources aux Collectivit\u00e9s territoriales d\u00e9centralis\u00e9es (<strong>CTD<\/strong>). Les mairies continuent de reprocher \u00e0 l\u2019Etat central de leur fournir des ressources insuffisantes et de leur imposer unilat\u00e9ralement l\u2019ex\u00e9cution de plusieurs projets ne refl\u00e9tant pas les besoins urgents des populations. Mais aussi, de d\u00e9bloquer tardivement les financements. Quoi qu\u2019il en soit, le volume des ressources d\u2019investissement public transf\u00e9r\u00e9 aux CTD a augment\u00e9 au Cameroun.<\/p>\n<p>Au titre de l\u2019exercice 2019, il a atteint\u00a0<strong>91,4 milliards de FCFA,<\/strong>\u00a0soit une augmentation\u00a0<strong>de 53,4%<\/strong>\u00a0par rapport \u00e0 l\u2019ann\u00e9e derni\u00e8re. Selon des sources gouvernementales,\u00a0<strong>36 milliards de FCFA\u00a0<\/strong>ont \u00e9t\u00e9 r\u00e9partis en parts \u00e9gales \u00e0 360 communes, soit\u00a0<strong>100 millions de FCFA<\/strong>\u00a0allou\u00e9s \u00e0 chacune, dans le cadre de la dotation g\u00e9n\u00e9rale \u00e0 la d\u00e9centralisation. Sur le volet des investissements,\u00a0<strong>55,4 milliards de FCFA\u00a0<\/strong>ont \u00e9t\u00e9 transf\u00e9r\u00e9s sous forme de dotations aux communes et aux communaut\u00e9s urbaines.<\/p>\n<div class=\"about-author about-author-box container-wrapper\">\n<div class=\"author-avatar\">\n<p><img decoding=\"async\" src=\"http:\/\/\" alt=\"\"\/><\/p>\n<\/div>\n<p><h4>La R\u00e9daction EcoMatin<\/h4>\n<\/p>\n<\/div>\n<div class=\"awac-wrapper awac widget blog_subscription-2\">\n<h4 class=\"widget-title\">Abonnez-vous \u00e0 notre lettre d&rsquo;information<\/h4>\n<\/div>\n<p>Auteur: EcoMatin<br \/>\n<a href=\"https:\/\/ecomatin.net\/le-cameroun-ratifie-la-charte-africaine-sur-la-decentralisation\/\">Cliquez ici pour lire l&rsquo;article depuis sa source.<\/a><\/p>\n","protected":false},"excerpt":{"rendered":"<p>Ladite charte a pour objectif de\u00a0\u00a0promouvoir la d\u00e9centralisation, la gouvernance locale et le d\u00e9veloppement local en Afrique. Mais aussi, de soutenir la gouvernance et la d\u00e9mocratie locales, en mobilisant des ressources pour assurer le d\u00e9veloppement \u00e9conomique. Elle stipule que la d\u00e9centralisation et la gouvernance locale doivent s\u2019impl\u00e9menter dans le respect de l\u2019\u00e9quit\u00e9, de l\u2019\u00e9galit\u00e9, du [&hellip;]<\/p>\n","protected":false},"author":1969,"featured_media":0,"comment_status":"closed","ping_status":"closed","sticky":false,"template":"","format":"standard","meta":{"fifu_image_url":"","fifu_image_alt":"","footnotes":""},"categories":[82,78],"tags":[],"class_list":["post-66560","post","type-post","status-publish","format-standard","hentry","category-cameroun","category-economie"],"_links":{"self":[{"href":"https:\/\/linitiative.ca\/International\/wp-json\/wp\/v2\/posts\/66560","targetHints":{"allow":["GET"]}}],"collection":[{"href":"https:\/\/linitiative.ca\/International\/wp-json\/wp\/v2\/posts"}],"about":[{"href":"https:\/\/linitiative.ca\/International\/wp-json\/wp\/v2\/types\/post"}],"author":[{"embeddable":true,"href":"https:\/\/linitiative.ca\/International\/wp-json\/wp\/v2\/users\/1969"}],"replies":[{"embeddable":true,"href":"https:\/\/linitiative.ca\/International\/wp-json\/wp\/v2\/comments?post=66560"}],"version-history":[{"count":0,"href":"https:\/\/linitiative.ca\/International\/wp-json\/wp\/v2\/posts\/66560\/revisions"}],"wp:attachment":[{"href":"https:\/\/linitiative.ca\/International\/wp-json\/wp\/v2\/media?parent=66560"}],"wp:term":[{"taxonomy":"category","embeddable":true,"href":"https:\/\/linitiative.ca\/International\/wp-json\/wp\/v2\/categories?post=66560"},{"taxonomy":"post_tag","embeddable":true,"href":"https:\/\/linitiative.ca\/International\/wp-json\/wp\/v2\/tags?post=66560"}],"curies":[{"name":"wp","href":"https:\/\/api.w.org\/{rel}","templated":true}]}}