{"id":66561,"date":"2019-11-04T11:25:36","date_gmt":"2019-11-04T16:25:36","guid":{"rendered":"https:\/\/linitiative.ca\/International\/afrique-centrale-le-commerce-intracommunautaire-na-represente-que-2-en-2018\/"},"modified":"2019-11-04T11:25:36","modified_gmt":"2019-11-04T16:25:36","slug":"afrique-centrale-le-commerce-intracommunautaire-na-represente-que-2-en-2018","status":"publish","type":"post","link":"https:\/\/linitiative.ca\/International\/afrique-centrale-le-commerce-intracommunautaire-na-represente-que-2-en-2018\/","title":{"rendered":"Afrique centrale : le commerce intracommunautaire n\u2019a repr\u00e9sent\u00e9 que 2% en 2018"},"content":{"rendered":"<div class=\"featured-area featured-area-inner\"><img loading=\"lazy\" decoding=\"async\" width=\"650\" height=\"351\" src=\"https:\/\/i0.wp.com\/ecomatin.net\/wp-content\/uploads\/2019\/11\/ecomatin.net-afrique-centrale-le-commerce-intracommunautaire-na-represente-que-2-en-2018-commerce-intracommunautaire.jpg?resize=650%2C351&#038;ssl=1&#038;is-pending-load=1\" class=\"attachment-jannah-image-post size-jannah-image-post wp-post-image jetpack-lazy-image\" alt=\"\" data-attachment-id=\"13864\" data-permalink=\"https:\/\/ecomatin.net\/afrique-centrale-le-commerce-intracommunautaire-na-represente-que-2-en-2018\/commerce-intracommunautaire\/\" data-orig-file=\"https:\/\/i0.wp.com\/ecomatin.net\/wp-content\/uploads\/2019\/11\/ecomatin.net-afrique-centrale-le-commerce-intracommunautaire-na-represente-que-2-en-2018-commerce-intracommunautaire.jpg?fit=650%2C351&#038;ssl=1\" data-orig-size=\"650,351\" data-comments-opened=\"0\" data-image-meta=\"{\"aperture\":\"0\",\"credit\":\"\",\"camera\":\"\",\"caption\":\"\",\"created_timestamp\":\"0\",\"copyright\":\"\",\"focal_length\":\"0\",\"iso\":\"0\",\"shutter_speed\":\"0\",\"title\":\"\",\"orientation\":\"1\"}\" data-image-title=\"commerce intracommunautaire\" data-image-description=\"\" data-medium-file=\"https:\/\/i0.wp.com\/ecomatin.net\/wp-content\/uploads\/2019\/11\/ecomatin.net-afrique-centrale-le-commerce-intracommunautaire-na-represente-que-2-en-2018-commerce-intracommunautaire.jpg?fit=300%2C162&#038;ssl=1\" data-large-file=\"https:\/\/i0.wp.com\/ecomatin.net\/wp-content\/uploads\/2019\/11\/ecomatin.net-afrique-centrale-le-commerce-intracommunautaire-na-represente-que-2-en-2018-commerce-intracommunautaire.jpg?fit=650%2C351&#038;ssl=1\" data-lazy-srcset=\"https:\/\/i0.wp.com\/ecomatin.net\/wp-content\/uploads\/2019\/11\/ecomatin.net-afrique-centrale-le-commerce-intracommunautaire-na-represente-que-2-en-2018-commerce-intracommunautaire.jpg?w=650&#038;ssl=1 650w, https:\/\/i0.wp.com\/ecomatin.net\/wp-content\/uploads\/2019\/11\/ecomatin.net-afrique-centrale-le-commerce-intracommunautaire-na-represente-que-2-en-2018-commerce-intracommunautaire.jpg?resize=300%2C162&#038;ssl=1 300w\" data-lazy-sizes=\"(max-width: 650px) 100vw, 650px\" srcset=\"data:image\/gif;base64,R0lGODlhAQABAIAAAAAAAP\/\/\/yH5BAEAAAAALAAAAAABAAEAAAIBRAA7\"\/><\/div>\n<div class=\"entry-content entry clearfix\" readability=\"65\">\n<p>D\u2019apr\u00e8s la note de conjoncture commerciale annuelle lanc\u00e9e par la CEMAC, qui analyse les flux d\u2019import-export de la sous-r\u00e9gion, le commerce intracommunautaire des marchandises a connu un net recul au cours de l\u2019ann\u00e9e derni\u00e8re. Il a repr\u00e9sent\u00e9 \u00e0 peine 2% des \u00e9changes globaux de la communaut\u00e9 au cours de l\u2019ann\u00e9e 2018. Ces statistiques ont \u00e9t\u00e9 \u00e9tablies par les experts de la Commission \u00e9conomique des Nations Unies pour l\u2019Afrique (CEA) et pr\u00e9sent\u00e9es r\u00e9cemment \u00e0 Malabo, Guin\u00e9e Equatoriale. On note une r\u00e9gression de ces r\u00e9sultats comparativement aux ann\u00e9es ant\u00e9rieures. En 2017, ces transactions commerciales ont repr\u00e9sent\u00e9 3,9%\u00a0; tandis que sur la p\u00e9riode de 2014 \u00e0 2017, on \u00e9tait \u00e0 une moyenne annuelle de 3,5% de l\u2019ensemble des \u00e9changes de la CEMAC.<\/p>\n<p>Les transactions commerciales au sein de cette partie du continent, qui compte plus de 160 millions d\u2019habitants, ne repr\u00e9sentent que 3,5%, alors que leurs importations, notamment des produits agroalimentaires, sont estim\u00e9es \u00e0 <strong>2 000 milliards de FCFA<\/strong> chaque ann\u00e9e, par rapport au total des \u00e9changes du continent. Une situation \u00e0 am\u00e9liorer pour esp\u00e9rer concourir activement aux d\u00e9fis de la mise en \u0153uvre de la zone de libre-\u00e9change continental.<\/p>\n<p>Les institutions estiment que le faible niveau de ces \u00e9changes est d\u00fb \u00e0 des contraintes infrastructurelles, institutionnelles et organisationnelles. On rel\u00e8ve aussi que les outils de facilitation des \u00e9changes intracommunautaires ne sont pas efficaces, ce qui entra\u00eene d\u2019ailleurs le rench\u00e9rissement des co\u00fbts de transactions. Il faut ajouter \u00e0 cela les obstacles tarifaires qui sont, entre autres, les proc\u00e9dures administratives et douani\u00e8res, les restrictions quantitatives, les mesures phytosanitaires\u2026<\/p>\n<div class=\"about-author about-author-box container-wrapper\">\n<div class=\"author-avatar\">\n<p><img decoding=\"async\" src=\"http:\/\/\" alt=\"\"\/><\/p>\n<\/div>\n<p><h4>La R\u00e9daction EcoMatin<\/h4>\n<\/p>\n<\/div>\n<div class=\"awac-wrapper awac widget blog_subscription-2\">\n<h4 class=\"widget-title\">Abonnez-vous \u00e0 notre lettre d&rsquo;information<\/h4>\n<\/div>\n<\/div>\n<div class=\"toggle-post-content clearfix\"><a id=\"toggle-post-button\" class=\"button\" href=\"#\">Afficher plus <\/a><\/div>\n<p>Auteur: EcoMatin<br \/>\n<a href=\"https:\/\/ecomatin.net\/afrique-centrale-le-commerce-intracommunautaire-na-represente-que-2-en-2018\/\">Cliquez ici pour lire l&rsquo;article depuis sa source.<\/a><\/p>\n","protected":false},"excerpt":{"rendered":"<p>D\u2019apr\u00e8s la note de conjoncture commerciale annuelle lanc\u00e9e par la CEMAC, qui analyse les flux d\u2019import-export de la sous-r\u00e9gion, le commerce intracommunautaire des marchandises a connu un net recul au cours de l\u2019ann\u00e9e derni\u00e8re. Il a repr\u00e9sent\u00e9 \u00e0 peine 2% des \u00e9changes globaux de la communaut\u00e9 au cours de l\u2019ann\u00e9e 2018. Ces statistiques ont \u00e9t\u00e9 [&hellip;]<\/p>\n","protected":false},"author":1969,"featured_media":0,"comment_status":"closed","ping_status":"closed","sticky":false,"template":"","format":"standard","meta":{"fifu_image_url":"","fifu_image_alt":"","footnotes":""},"categories":[82,78],"tags":[],"class_list":["post-66561","post","type-post","status-publish","format-standard","hentry","category-cameroun","category-economie"],"_links":{"self":[{"href":"https:\/\/linitiative.ca\/International\/wp-json\/wp\/v2\/posts\/66561","targetHints":{"allow":["GET"]}}],"collection":[{"href":"https:\/\/linitiative.ca\/International\/wp-json\/wp\/v2\/posts"}],"about":[{"href":"https:\/\/linitiative.ca\/International\/wp-json\/wp\/v2\/types\/post"}],"author":[{"embeddable":true,"href":"https:\/\/linitiative.ca\/International\/wp-json\/wp\/v2\/users\/1969"}],"replies":[{"embeddable":true,"href":"https:\/\/linitiative.ca\/International\/wp-json\/wp\/v2\/comments?post=66561"}],"version-history":[{"count":0,"href":"https:\/\/linitiative.ca\/International\/wp-json\/wp\/v2\/posts\/66561\/revisions"}],"wp:attachment":[{"href":"https:\/\/linitiative.ca\/International\/wp-json\/wp\/v2\/media?parent=66561"}],"wp:term":[{"taxonomy":"category","embeddable":true,"href":"https:\/\/linitiative.ca\/International\/wp-json\/wp\/v2\/categories?post=66561"},{"taxonomy":"post_tag","embeddable":true,"href":"https:\/\/linitiative.ca\/International\/wp-json\/wp\/v2\/tags?post=66561"}],"curies":[{"name":"wp","href":"https:\/\/api.w.org\/{rel}","templated":true}]}}