{"id":66563,"date":"2019-11-05T05:09:55","date_gmt":"2019-11-05T10:09:55","guid":{"rendered":"https:\/\/linitiative.ca\/International\/une-region-consideree-desormais-comme-sinistree\/"},"modified":"2019-11-05T05:09:55","modified_gmt":"2019-11-05T10:09:55","slug":"une-region-consideree-desormais-comme-sinistree","status":"publish","type":"post","link":"https:\/\/linitiative.ca\/International\/une-region-consideree-desormais-comme-sinistree\/","title":{"rendered":"Une r\u00e9gion consid\u00e9r\u00e9e d\u00e9sormais comme sinistr\u00e9e!"},"content":{"rendered":"<p class=\"has-text-color has-vivid-cyan-blue-color\"><strong>Il tarde \u00e0 pleuvoir, dans une r\u00e9gion agricole \u00e0 souhait. L\u2019aridit\u00e9 ou encore la s\u00e9cheresse s\u00e8me le d\u00e9sarroi dans l\u2019immense plaine en souffrance. On ne sait plus o\u00f9 donner de la t\u00eate, tellement l\u2019\u00e9pouvante de la disette se faufile de partout.<\/strong><\/p>\n<p>La nappe phr\u00e9atique qui en est dor\u00e9navant aux eaux fossiles n\u2019en peut plus, \u00e0 un moment o\u00f9 la grogne des cultivateurs vomissent leur malaise. Suite \u00e0 la p\u00e9nurie des ressources hydriques qui ne cessent de tarir au grand dam de la r\u00e9gion. Les barrages environnants, en particulier \u00e0 Youssef Ben Tachfine dont le stock en eau pluviale s\u2019amenuise atrocement, en raison du manque des pr\u00e9cipitations, des ann\u00e9es de suite.<\/p>\n<p>En effet, le d\u00e9versoir en question ne peut plus combler les besoins dans les diff\u00e9rents p\u00e9rim\u00e8tres irrigu\u00e9s, notamment dans les zones de Chtouka Ait Baha. La situation est de plus en plus pr\u00e9occupante, au point de faire r\u00e9agir \u00e9nergiquement les services de l\u2019agence hydraulique de Souss Massa, ainsi que ceux de l\u2019Office R\u00e9gional de Mise en Valeur Agricole Souss Massa (ORMVA). Ce dernier vient de saisir les agriculteurs de la r\u00e9gion que l\u2019alimentation en arrosage,\u00a0\u00a0en direction des p\u00e9rim\u00e8tres irrigu\u00e9s se serait interrompue, en attendant que les eaux d\u2019irrigation puissent remplir les barrages \u00e0 sec, \u00e0 commencer du samedi dernier.<\/p>\n<p>En d\u00e9pit de toutes les mesures entreprises dans le sillage de la rationalisation des eaux d\u2019irrigation, au niveaux des services publics et les d\u00e9cisions convenues aux instances repr\u00e9sentatives, il semblerait bien que les agriculteurs, en particulier ceux de l\u2019export se sont adonn\u00e9s \u00e0 un sur-pompage abusif des eaux. De surcro\u00eet, certains bonnets qui s\u2019acharnent \u00e0 se comporter d\u2019une mani\u00e8re hautaine et incivique continuent \u00e0 \u00e9ponger excessivement cette denr\u00e9e rare, rien que pour s\u2019adjuger quelques sous de plus que ses comp\u00e8res. Une attitude des plus basses su l\u2019on sait que la r\u00e9gion est r\u00e9guli\u00e8rement mutil\u00e9e en eau d\u00e9pendante uniquement de la cl\u00e9mence du ciel.<\/p>\n<p>Dans ce sens, on croit bien savoir des dires de la quasi-totalit\u00e9 des cultivateurs qui utilisent des eaux du barrage Youssef Ben Tachfine, que son niveau de remplissage\u00a0\u00a0ne d\u00e9passent gu\u00e8re 14,17% dans un d\u00e9bit qui atteindra 42, 258 millions de m3, \u00e0 mi-octobre dernier. Ce qui laisse \u00e0 supposer que pour assurer l\u2019approvisionnement en eau potable pour une dur\u00e9e de deux ans, \u00e0 l\u2019horizon 2021, la situation du barrage en question impose un arr\u00eat de dotation des p\u00e9rim\u00e8tres agricoles irrigu\u00e9s d\u2019une fa\u00e7on syst\u00e9matique.<\/p>\n<p>Sachant que la quantit\u00e9 globale des eaux consomm\u00e9es au sein du barrage, lors de la p\u00e9riode oscillant entre le 1<sup>er<\/sup>juillet et le 22 octobre, est estim\u00e9e \u00e0 environs 2, 792 millions de m\u00e8tre cube, en ce qui concerne l\u2019eau potable et 9,056 m\u00e8tre cube pour l\u2019irrigation de tous les p\u00e9rim\u00e8tres agricoles irrigu\u00e9s \u00e0 Massa et Tassila, selon l\u2019agence du bassin hydraulique. Il ressort donc de ce constat que la r\u00e9gion encore d\u00e9shydrat\u00e9e, effleure cruellement la phase de sinistr\u00e9e. Une mobilisation totale \u00e0 laquelle seront convi\u00e9s tous les intervenants du secteur afin de sauver une saison des plus ardues.<\/p>\n<p class=\"c2\"><strong>Saoudi El Amalki<\/strong><\/p>\n<p>Auteur: M&rsquo;hammed rahal<br \/>\n<a href=\"http:\/\/albayane.press.ma\/une-region-consideree-desormais-comme-sinistree.html\">Cliquez ici pour lire l&rsquo;article depuis sa source.<\/a><\/p>\n","protected":false},"excerpt":{"rendered":"<p>Il tarde \u00e0 pleuvoir, dans une r\u00e9gion agricole \u00e0 souhait. L\u2019aridit\u00e9 ou encore la s\u00e9cheresse s\u00e8me le d\u00e9sarroi dans l\u2019immense plaine en souffrance. On ne sait plus o\u00f9 donner de la t\u00eate, tellement l\u2019\u00e9pouvante de la disette se faufile de partout. La nappe phr\u00e9atique qui en est dor\u00e9navant aux eaux fossiles n\u2019en peut plus, \u00e0 [&hellip;]<\/p>\n","protected":false},"author":1760,"featured_media":0,"comment_status":"closed","ping_status":"closed","sticky":false,"template":"","format":"standard","meta":{"fifu_image_url":"","fifu_image_alt":"","footnotes":""},"categories":[73,54],"tags":[],"class_list":["post-66563","post","type-post","status-publish","format-standard","hentry","category-actualite","category-maroc"],"_links":{"self":[{"href":"https:\/\/linitiative.ca\/International\/wp-json\/wp\/v2\/posts\/66563","targetHints":{"allow":["GET"]}}],"collection":[{"href":"https:\/\/linitiative.ca\/International\/wp-json\/wp\/v2\/posts"}],"about":[{"href":"https:\/\/linitiative.ca\/International\/wp-json\/wp\/v2\/types\/post"}],"author":[{"embeddable":true,"href":"https:\/\/linitiative.ca\/International\/wp-json\/wp\/v2\/users\/1760"}],"replies":[{"embeddable":true,"href":"https:\/\/linitiative.ca\/International\/wp-json\/wp\/v2\/comments?post=66563"}],"version-history":[{"count":0,"href":"https:\/\/linitiative.ca\/International\/wp-json\/wp\/v2\/posts\/66563\/revisions"}],"wp:attachment":[{"href":"https:\/\/linitiative.ca\/International\/wp-json\/wp\/v2\/media?parent=66563"}],"wp:term":[{"taxonomy":"category","embeddable":true,"href":"https:\/\/linitiative.ca\/International\/wp-json\/wp\/v2\/categories?post=66563"},{"taxonomy":"post_tag","embeddable":true,"href":"https:\/\/linitiative.ca\/International\/wp-json\/wp\/v2\/tags?post=66563"}],"curies":[{"name":"wp","href":"https:\/\/api.w.org\/{rel}","templated":true}]}}